{"id":684,"date":"2016-02-23T17:46:35","date_gmt":"2016-02-23T16:46:35","guid":{"rendered":"http:\/\/astroaspach.fr\/astroaspachV2\/?p=684"},"modified":"2016-02-23T17:58:15","modified_gmt":"2016-02-23T16:58:15","slug":"leclipse-de-soleil-du-20-mars-2015-avec-les-enfants","status":"publish","type":"post","link":"https:\/\/astroaspach.fr\/astroaspachV2\/2016\/02\/23\/leclipse-de-soleil-du-20-mars-2015-avec-les-enfants\/","title":{"rendered":"L&rsquo;\u00e9clipse de soleil du 20 mars 2015 avec les enfants"},"content":{"rendered":"<p>Le 20 mars 2015, \u00e9clipse partielle de soleil. Nous proposons une observation aux \u00e9coliers d&rsquo;Aspach.<\/p>\n<p><a href=\"http:\/\/astroaspach.fr\/astroaspachV2\/wp-content\/uploads\/2016\/02\/eclipsesolaire20150320meteo.jpg\" rel=\"attachment wp-att-691\"><img loading=\"lazy\" decoding=\"async\" class=\"size-medium wp-image-691 alignleft\" src=\"http:\/\/astroaspach.fr\/astroaspachV2\/wp-content\/uploads\/2016\/02\/eclipsesolaire20150320meteo-300x200.jpg\" alt=\"eclipsesolaire20150320meteo\" width=\"300\" height=\"200\" srcset=\"https:\/\/astroaspach.fr\/astroaspachV2\/wp-content\/uploads\/2016\/02\/eclipsesolaire20150320meteo-300x200.jpg 300w, https:\/\/astroaspach.fr\/astroaspachV2\/wp-content\/uploads\/2016\/02\/eclipsesolaire20150320meteo.jpg 320w\" sizes=\"auto, (max-width: 300px) 100vw, 300px\" \/><\/a><\/p>\n<p>&nbsp;<\/p>\n<p>&nbsp;<\/p>\n<p>Alors que le reste de la France se trouve sous les nuages, grand beau temps sur l&rsquo;est de la France !<\/p>\n<p>&nbsp;<\/p>\n<p>&nbsp;<\/p>\n<p>&nbsp;<\/p>\n<p>&nbsp;<\/p>\n<p>&nbsp;<\/p>\n<p>Les enfants observant le soleil, bien s\u00fbr prot\u00e9g\u00e9s par des lunettes, et une petite explication \u00e0 l&rsquo;aide d&rsquo;une maquette<\/p>\n<p style=\"text-align: right;\"><a href=\"http:\/\/astroaspach.fr\/astroaspachV2\/wp-content\/uploads\/2016\/02\/eclipsesolaire20150320ecoleaspach06.jpg\" rel=\"attachment wp-att-690\"><img loading=\"lazy\" decoding=\"async\" class=\"size-medium wp-image-690 alignleft\" src=\"http:\/\/astroaspach.fr\/astroaspachV2\/wp-content\/uploads\/2016\/02\/eclipsesolaire20150320ecoleaspach06-300x225.jpg\" alt=\"eclipsesolaire20150320ecoleaspach06\" width=\"300\" height=\"225\" srcset=\"https:\/\/astroaspach.fr\/astroaspachV2\/wp-content\/uploads\/2016\/02\/eclipsesolaire20150320ecoleaspach06-300x225.jpg 300w, https:\/\/astroaspach.fr\/astroaspachV2\/wp-content\/uploads\/2016\/02\/eclipsesolaire20150320ecoleaspach06.jpg 320w\" sizes=\"auto, (max-width: 300px) 100vw, 300px\" \/><\/a>\u00a0\u00a0 <a href=\"http:\/\/astroaspach.fr\/astroaspachV2\/wp-content\/uploads\/2016\/02\/eclipsesolaire20150320ecoleaspach05.jpg\" rel=\"attachment wp-att-689\"><img loading=\"lazy\" decoding=\"async\" class=\"size-medium wp-image-689 alignright\" src=\"http:\/\/astroaspach.fr\/astroaspachV2\/wp-content\/uploads\/2016\/02\/eclipsesolaire20150320ecoleaspach05-300x225.jpg\" alt=\"eclipsesolaire20150320ecoleaspach05\" width=\"300\" height=\"225\" srcset=\"https:\/\/astroaspach.fr\/astroaspachV2\/wp-content\/uploads\/2016\/02\/eclipsesolaire20150320ecoleaspach05-300x225.jpg 300w, https:\/\/astroaspach.fr\/astroaspachV2\/wp-content\/uploads\/2016\/02\/eclipsesolaire20150320ecoleaspach05.jpg 320w\" sizes=\"auto, (max-width: 300px) 100vw, 300px\" \/><\/a><\/p>\n<p>&nbsp;<\/p>\n<p>&nbsp;<\/p>\n<p>&nbsp;<\/p>\n<p>&nbsp;<\/p>\n<p>&nbsp;<\/p>\n<p>&nbsp;<\/p>\n<p>&nbsp;<\/p>\n<p>&nbsp;<\/p>\n<p>Un outil utile en astronomie, la passoire<\/p>\n<p><a href=\"http:\/\/astroaspach.fr\/astroaspachV2\/wp-content\/uploads\/2016\/02\/eclipsesolaire20150320ecoleaspach03.jpg\" rel=\"attachment wp-att-687\"><img loading=\"lazy\" decoding=\"async\" class=\"size-medium wp-image-687 alignleft\" src=\"http:\/\/astroaspach.fr\/astroaspachV2\/wp-content\/uploads\/2016\/02\/eclipsesolaire20150320ecoleaspach03-300x225.jpg\" alt=\"eclipsesolaire20150320ecoleaspach03\" width=\"300\" height=\"225\" srcset=\"https:\/\/astroaspach.fr\/astroaspachV2\/wp-content\/uploads\/2016\/02\/eclipsesolaire20150320ecoleaspach03-300x225.jpg 300w, https:\/\/astroaspach.fr\/astroaspachV2\/wp-content\/uploads\/2016\/02\/eclipsesolaire20150320ecoleaspach03.jpg 320w\" sizes=\"auto, (max-width: 300px) 100vw, 300px\" \/><\/a>\u00a0\u00a0\u00a0\u00a0\u00a0\u00a0\u00a0\u00a0\u00a0 <a href=\"http:\/\/astroaspach.fr\/astroaspachV2\/wp-content\/uploads\/2016\/02\/eclipsesolaire20150320ecoleaspach04g.jpg\" rel=\"attachment wp-att-707\"><img loading=\"lazy\" decoding=\"async\" class=\"size-medium wp-image-707 alignnone\" src=\"http:\/\/astroaspach.fr\/astroaspachV2\/wp-content\/uploads\/2016\/02\/eclipsesolaire20150320ecoleaspach04g-300x225.jpg\" alt=\"eclipsesolaire20150320ecoleaspach04g\" width=\"300\" height=\"225\" srcset=\"https:\/\/astroaspach.fr\/astroaspachV2\/wp-content\/uploads\/2016\/02\/eclipsesolaire20150320ecoleaspach04g-300x225.jpg 300w, https:\/\/astroaspach.fr\/astroaspachV2\/wp-content\/uploads\/2016\/02\/eclipsesolaire20150320ecoleaspach04g-768x576.jpg 768w, https:\/\/astroaspach.fr\/astroaspachV2\/wp-content\/uploads\/2016\/02\/eclipsesolaire20150320ecoleaspach04g.jpg 800w\" sizes=\"auto, (max-width: 300px) 100vw, 300px\" \/><\/a><\/p>\n<p>&nbsp;<\/p>\n<p>D&rsquo;autres outils encore<\/p>\n<p><a href=\"http:\/\/astroaspach.fr\/astroaspachV2\/wp-content\/uploads\/2016\/02\/eclipsesolaire20150320ecoleaspach01.jpg\" rel=\"attachment wp-att-685\"><img loading=\"lazy\" decoding=\"async\" class=\"size-medium wp-image-686 alignleft\" src=\"http:\/\/astroaspach.fr\/astroaspachV2\/wp-content\/uploads\/2016\/02\/eclipsesolaire20150320ecoleaspach02-225x300.jpg\" alt=\"eclipsesolaire20150320ecoleaspach02\" width=\"225\" height=\"300\" srcset=\"https:\/\/astroaspach.fr\/astroaspachV2\/wp-content\/uploads\/2016\/02\/eclipsesolaire20150320ecoleaspach02-225x300.jpg 225w, https:\/\/astroaspach.fr\/astroaspachV2\/wp-content\/uploads\/2016\/02\/eclipsesolaire20150320ecoleaspach02.jpg 240w\" sizes=\"auto, (max-width: 225px) 100vw, 225px\" \/><img loading=\"lazy\" decoding=\"async\" class=\"size-medium wp-image-685 alignright\" src=\"http:\/\/astroaspach.fr\/astroaspachV2\/wp-content\/uploads\/2016\/02\/eclipsesolaire20150320ecoleaspach01-300x225.jpg\" alt=\"eclipsesolaire20150320ecoleaspach01\" width=\"300\" height=\"225\" srcset=\"https:\/\/astroaspach.fr\/astroaspachV2\/wp-content\/uploads\/2016\/02\/eclipsesolaire20150320ecoleaspach01-300x225.jpg 300w, https:\/\/astroaspach.fr\/astroaspachV2\/wp-content\/uploads\/2016\/02\/eclipsesolaire20150320ecoleaspach01.jpg 320w\" sizes=\"auto, (max-width: 300px) 100vw, 300px\" \/><\/a><\/p>\n<p>&nbsp;<\/p>\n<p>&nbsp;<\/p>\n<p>&nbsp;<\/p>\n<p>&nbsp;<\/p>\n<p>&nbsp;<\/p>\n<p>&nbsp;<\/p>\n<p>&nbsp;<\/p>\n<p>&nbsp;<\/p>\n<p>&nbsp;<\/p>\n<p>&nbsp;<\/p>\n","protected":false},"excerpt":{"rendered":"<p><a href=\"http:\/\/astroaspach.fr\/astroaspachV2\/wp-content\/uploads\/2016\/02\/eclipsesolaire20150320b.jpg\" rel=\"attachment wp-att-703\"><img loading=\"lazy\" decoding=\"async\" class=\"alignleft wp-image-703\" src=\"http:\/\/astroaspach.fr\/astroaspachV2\/wp-content\/uploads\/2016\/02\/eclipsesolaire20150320b-300x240.jpg\" alt=\"eclipsesolaire20150320b\" width=\"100\" height=\"80\" srcset=\"https:\/\/astroaspach.fr\/astroaspachV2\/wp-content\/uploads\/2016\/02\/eclipsesolaire20150320b-300x240.jpg 300w, https:\/\/astroaspach.fr\/astroaspachV2\/wp-content\/uploads\/2016\/02\/eclipsesolaire20150320b.jpg 751w\" sizes=\"auto, (max-width: 100px) 100vw, 100px\" \/><\/a><br \/>\nLe 20 mars 2015, \u00e9clipse partielle de soleil. Nous proposons une observation aux \u00e9coliers d&rsquo;Aspach.<\/p>\n","protected":false},"author":1,"featured_media":0,"comment_status":"closed","ping_status":"open","sticky":false,"template":"","format":"standard","meta":{"footnotes":""},"categories":[6],"tags":[],"class_list":["post-684","post","type-post","status-publish","format-standard","hentry","category-nos-animations"],"_links":{"self":[{"href":"https:\/\/astroaspach.fr\/astroaspachV2\/wp-json\/wp\/v2\/posts\/684","targetHints":{"allow":["GET"]}}],"collection":[{"href":"https:\/\/astroaspach.fr\/astroaspachV2\/wp-json\/wp\/v2\/posts"}],"about":[{"href":"https:\/\/astroaspach.fr\/astroaspachV2\/wp-json\/wp\/v2\/types\/post"}],"author":[{"embeddable":true,"href":"https:\/\/astroaspach.fr\/astroaspachV2\/wp-json\/wp\/v2\/users\/1"}],"replies":[{"embeddable":true,"href":"https:\/\/astroaspach.fr\/astroaspachV2\/wp-json\/wp\/v2\/comments?post=684"}],"version-history":[{"count":12,"href":"https:\/\/astroaspach.fr\/astroaspachV2\/wp-json\/wp\/v2\/posts\/684\/revisions"}],"predecessor-version":[{"id":708,"href":"https:\/\/astroaspach.fr\/astroaspachV2\/wp-json\/wp\/v2\/posts\/684\/revisions\/708"}],"wp:attachment":[{"href":"https:\/\/astroaspach.fr\/astroaspachV2\/wp-json\/wp\/v2\/media?parent=684"}],"wp:term":[{"taxonomy":"category","embeddable":true,"href":"https:\/\/astroaspach.fr\/astroaspachV2\/wp-json\/wp\/v2\/categories?post=684"},{"taxonomy":"post_tag","embeddable":true,"href":"https:\/\/astroaspach.fr\/astroaspachV2\/wp-json\/wp\/v2\/tags?post=684"}],"curies":[{"name":"wp","href":"https:\/\/api.w.org\/{rel}","templated":true}]}}