{"id":2598,"date":"2023-09-14T09:10:26","date_gmt":"2023-09-14T08:10:26","guid":{"rendered":"http:\/\/astroaspach.fr\/astroaspachV2\/?p=2598"},"modified":"2023-09-16T07:40:37","modified_gmt":"2023-09-16T06:40:37","slug":"une-semaine-dastro-a-ceron71-premieres-images","status":"publish","type":"post","link":"https:\/\/astroaspach.fr\/astroaspachV2\/2023\/09\/14\/une-semaine-dastro-a-ceron71-premieres-images\/","title":{"rendered":"Une semaine d\u2019astro \u00e0 C\u00e9ron(71), premi\u00e8res images"},"content":{"rendered":"<p><a href=\"http:\/\/astroaspach.fr\/astroaspachV2\/wp-content\/uploads\/2023\/09\/NGC7380_082023_73x300s_Bernard.jpg\"><img loading=\"lazy\" decoding=\"async\" class=\"aligncenter wp-image-2597 size-full\" src=\"http:\/\/astroaspach.fr\/astroaspachV2\/wp-content\/uploads\/2023\/09\/NGC7380_082023_73x300s_Bernard.jpg\" alt=\"\" width=\"800\" height=\"596\" srcset=\"https:\/\/astroaspach.fr\/astroaspachV2\/wp-content\/uploads\/2023\/09\/NGC7380_082023_73x300s_Bernard.jpg 800w, https:\/\/astroaspach.fr\/astroaspachV2\/wp-content\/uploads\/2023\/09\/NGC7380_082023_73x300s_Bernard-300x224.jpg 300w, https:\/\/astroaspach.fr\/astroaspachV2\/wp-content\/uploads\/2023\/09\/NGC7380_082023_73x300s_Bernard-768x572.jpg 768w\" sizes=\"auto, (max-width: 800px) 100vw, 800px\" \/><\/a>NGC 7380 est un amas ouvert situ\u00e9 \u00e0 environ 8 000 ann\u00e9es-lumi\u00e8re dans la constellation de C\u00e9ph\u00e9e. L&rsquo;amas est entour\u00e9 de la n\u00e9buleuse du Sorcier.<\/p>\n<p><a href=\"http:\/\/astroaspach.fr\/astroaspachV2\/wp-content\/uploads\/2023\/09\/M31_Thibaut.jpg\"><img loading=\"lazy\" decoding=\"async\" class=\"alignnone wp-image-2596 size-full\" src=\"http:\/\/astroaspach.fr\/astroaspachV2\/wp-content\/uploads\/2023\/09\/M31_Thibaut.jpg\" alt=\"\" width=\"800\" height=\"528\" srcset=\"https:\/\/astroaspach.fr\/astroaspachV2\/wp-content\/uploads\/2023\/09\/M31_Thibaut.jpg 800w, https:\/\/astroaspach.fr\/astroaspachV2\/wp-content\/uploads\/2023\/09\/M31_Thibaut-300x198.jpg 300w, https:\/\/astroaspach.fr\/astroaspachV2\/wp-content\/uploads\/2023\/09\/M31_Thibaut-768x507.jpg 768w\" sizes=\"auto, (max-width: 800px) 100vw, 800px\" \/><\/a>M31, ou la galaxie d&rsquo;Androm\u00e8de<\/p>\n<p><a href=\"http:\/\/astroaspach.fr\/astroaspachV2\/wp-content\/uploads\/2023\/09\/M20_Triffid_22082023__9x300s.jpg\"><img loading=\"lazy\" decoding=\"async\" class=\"alignnone wp-image-2595 size-full\" src=\"http:\/\/astroaspach.fr\/astroaspachV2\/wp-content\/uploads\/2023\/09\/M20_Triffid_22082023__9x300s.jpg\" alt=\"\" width=\"800\" height=\"597\" srcset=\"https:\/\/astroaspach.fr\/astroaspachV2\/wp-content\/uploads\/2023\/09\/M20_Triffid_22082023__9x300s.jpg 800w, https:\/\/astroaspach.fr\/astroaspachV2\/wp-content\/uploads\/2023\/09\/M20_Triffid_22082023__9x300s-300x224.jpg 300w, https:\/\/astroaspach.fr\/astroaspachV2\/wp-content\/uploads\/2023\/09\/M20_Triffid_22082023__9x300s-768x573.jpg 768w\" sizes=\"auto, (max-width: 800px) 100vw, 800px\" \/><\/a>M20, la n\u00e9buleuse Trifide, situ\u00e9e dans la constellation du Sagittaire.<\/p>\n<p><a href=\"http:\/\/astroaspach.fr\/astroaspachV2\/wp-content\/uploads\/2023\/09\/M16-Ceron-52x60s.jpg\"><img loading=\"lazy\" decoding=\"async\" class=\"alignnone wp-image-2594 size-full\" src=\"http:\/\/astroaspach.fr\/astroaspachV2\/wp-content\/uploads\/2023\/09\/M16-Ceron-52x60s.jpg\" alt=\"\" width=\"800\" height=\"526\" srcset=\"https:\/\/astroaspach.fr\/astroaspachV2\/wp-content\/uploads\/2023\/09\/M16-Ceron-52x60s.jpg 800w, https:\/\/astroaspach.fr\/astroaspachV2\/wp-content\/uploads\/2023\/09\/M16-Ceron-52x60s-300x197.jpg 300w, https:\/\/astroaspach.fr\/astroaspachV2\/wp-content\/uploads\/2023\/09\/M16-Ceron-52x60s-768x505.jpg 768w\" sizes=\"auto, (max-width: 800px) 100vw, 800px\" \/><\/a>M16 (NGC 6611) est un tr\u00e8s jeune amas ouvert situ\u00e9 dans la queue de la constellation du Serpent, M16 est entour\u00e9 par la n\u00e9buleuse de l&rsquo;Aigle.<\/p>\n","protected":false},"excerpt":{"rendered":"<p><a href=\"http:\/\/astroaspach.fr\/astroaspachV2\/wp-content\/uploads\/2023\/09\/M31_Thibaut.jpg\"><img loading=\"lazy\" decoding=\"async\" class=\"alignleft wp-image-2596\" src=\"http:\/\/astroaspach.fr\/astroaspachV2\/wp-content\/uploads\/2023\/09\/M31_Thibaut-300x198.jpg\" alt=\"\" width=\"100\" height=\"66\" srcset=\"https:\/\/astroaspach.fr\/astroaspachV2\/wp-content\/uploads\/2023\/09\/M31_Thibaut-300x198.jpg 300w, https:\/\/astroaspach.fr\/astroaspachV2\/wp-content\/uploads\/2023\/09\/M31_Thibaut-768x507.jpg 768w, https:\/\/astroaspach.fr\/astroaspachV2\/wp-content\/uploads\/2023\/09\/M31_Thibaut.jpg 800w\" sizes=\"auto, (max-width: 100px) 100vw, 100px\" \/><\/a><br \/>\nPremi\u00e8res images de notre s\u00e9jour \u00e0 C\u00e9ron.<\/p>\n","protected":false},"author":1,"featured_media":0,"comment_status":"closed","ping_status":"open","sticky":false,"template":"","format":"standard","meta":{"footnotes":""},"categories":[2],"tags":[],"class_list":["post-2598","post","type-post","status-publish","format-standard","hentry","category-nos-images"],"_links":{"self":[{"href":"https:\/\/astroaspach.fr\/astroaspachV2\/wp-json\/wp\/v2\/posts\/2598","targetHints":{"allow":["GET"]}}],"collection":[{"href":"https:\/\/astroaspach.fr\/astroaspachV2\/wp-json\/wp\/v2\/posts"}],"about":[{"href":"https:\/\/astroaspach.fr\/astroaspachV2\/wp-json\/wp\/v2\/types\/post"}],"author":[{"embeddable":true,"href":"https:\/\/astroaspach.fr\/astroaspachV2\/wp-json\/wp\/v2\/users\/1"}],"replies":[{"embeddable":true,"href":"https:\/\/astroaspach.fr\/astroaspachV2\/wp-json\/wp\/v2\/comments?post=2598"}],"version-history":[{"count":6,"href":"https:\/\/astroaspach.fr\/astroaspachV2\/wp-json\/wp\/v2\/posts\/2598\/revisions"}],"predecessor-version":[{"id":2612,"href":"https:\/\/astroaspach.fr\/astroaspachV2\/wp-json\/wp\/v2\/posts\/2598\/revisions\/2612"}],"wp:attachment":[{"href":"https:\/\/astroaspach.fr\/astroaspachV2\/wp-json\/wp\/v2\/media?parent=2598"}],"wp:term":[{"taxonomy":"category","embeddable":true,"href":"https:\/\/astroaspach.fr\/astroaspachV2\/wp-json\/wp\/v2\/categories?post=2598"},{"taxonomy":"post_tag","embeddable":true,"href":"https:\/\/astroaspach.fr\/astroaspachV2\/wp-json\/wp\/v2\/tags?post=2598"}],"curies":[{"name":"wp","href":"https:\/\/api.w.org\/{rel}","templated":true}]}}