{"id":2575,"date":"2023-08-27T11:15:00","date_gmt":"2023-08-27T10:15:00","guid":{"rendered":"http:\/\/astroaspach.fr\/astroaspachV2\/?p=2575"},"modified":"2023-08-27T11:28:44","modified_gmt":"2023-08-27T10:28:44","slug":"une-semaine-dastro-pour-astroaspach","status":"publish","type":"post","link":"https:\/\/astroaspach.fr\/astroaspachV2\/2023\/08\/27\/une-semaine-dastro-pour-astroaspach\/","title":{"rendered":"Une semaine d&rsquo;astro pour AstroAspach au g\u00eete du Bois Rond \u00e0 C\u00e9ron(71)"},"content":{"rendered":"<p>Cela fait une paire de fois que les membres d&rsquo;AstroAspach, cette ann\u00e9e nous \u00e9tions dix, du 19 au 26 ao\u00fbt 2023, passent une semaine d&rsquo;observations nocturnes, \u00e0 C\u00e9ron (71) au g\u00eete du \u00ab Bois Rond \u00bb (pour lequel il est bon de faire un peu de publicit\u00e9). C&rsquo;est un g\u00eete isol\u00e9 de toute autre habitation, loin de tous villages ou hameaux, et donc \u00e0 l&rsquo;abri de toute pollution lumineuse.<\/p>\n<p>Sans oublier la richesse de la vie collective, pr\u00e9parer les repas, faire les courses et la vaisselle, r\u00e9fl\u00e9chir et partager, et m\u00eame \u00ab dire de la po\u00e9sie \u00bb!<\/p>\n<p>Une semaine riche de d\u00e9couvertes du ciel pour les \u00abvisuels\u00bb ou d&rsquo;images pour les \u00abastrophotographes\u00bb ! (d\u00e8s que j&rsquo;aurai des photos, promis je les joins \u00e0 cet article).<\/p>\n<p><a href=\"http:\/\/astroaspach.fr\/astroaspachV2\/wp-content\/uploads\/2023\/08\/C\u00e9ron-2023_troupe.jpg\"><img loading=\"lazy\" decoding=\"async\" class=\"aligncenter wp-image-2574 size-full\" src=\"http:\/\/astroaspach.fr\/astroaspachV2\/wp-content\/uploads\/2023\/08\/C\u00e9ron-2023_troupe.jpg\" alt=\"\" width=\"1024\" height=\"273\" srcset=\"https:\/\/astroaspach.fr\/astroaspachV2\/wp-content\/uploads\/2023\/08\/C\u00e9ron-2023_troupe.jpg 1024w, https:\/\/astroaspach.fr\/astroaspachV2\/wp-content\/uploads\/2023\/08\/C\u00e9ron-2023_troupe-300x80.jpg 300w, https:\/\/astroaspach.fr\/astroaspachV2\/wp-content\/uploads\/2023\/08\/C\u00e9ron-2023_troupe-768x205.jpg 768w\" sizes=\"auto, (max-width: 1024px) 100vw, 1024px\" \/><\/a>Sur place nous rencontrons des amis du club M71 \u00e0 Marcigny.<\/p>\n<p><a href=\"http:\/\/astroaspach.fr\/astroaspachV2\/wp-content\/uploads\/2023\/08\/C\u00e9ron-2023_installations.jpg\"><img loading=\"lazy\" decoding=\"async\" class=\"aligncenter wp-image-2572 size-full\" src=\"http:\/\/astroaspach.fr\/astroaspachV2\/wp-content\/uploads\/2023\/08\/C\u00e9ron-2023_installations.jpg\" alt=\"\" width=\"1024\" height=\"484\" srcset=\"https:\/\/astroaspach.fr\/astroaspachV2\/wp-content\/uploads\/2023\/08\/C\u00e9ron-2023_installations.jpg 1024w, https:\/\/astroaspach.fr\/astroaspachV2\/wp-content\/uploads\/2023\/08\/C\u00e9ron-2023_installations-300x142.jpg 300w, https:\/\/astroaspach.fr\/astroaspachV2\/wp-content\/uploads\/2023\/08\/C\u00e9ron-2023_installations-768x363.jpg 768w\" sizes=\"auto, (max-width: 1024px) 100vw, 1024px\" \/><\/a>Le g\u00eete et nos installations<\/p>\n<p><a href=\"http:\/\/astroaspach.fr\/astroaspachV2\/wp-content\/uploads\/2023\/08\/C\u00e9ron-2023_nuit.jpg\"><img loading=\"lazy\" decoding=\"async\" class=\"aligncenter wp-image-2573 size-full\" src=\"http:\/\/astroaspach.fr\/astroaspachV2\/wp-content\/uploads\/2023\/08\/C\u00e9ron-2023_nuit.jpg\" alt=\"\" width=\"1024\" height=\"602\" srcset=\"https:\/\/astroaspach.fr\/astroaspachV2\/wp-content\/uploads\/2023\/08\/C\u00e9ron-2023_nuit.jpg 1024w, https:\/\/astroaspach.fr\/astroaspachV2\/wp-content\/uploads\/2023\/08\/C\u00e9ron-2023_nuit-300x176.jpg 300w, https:\/\/astroaspach.fr\/astroaspachV2\/wp-content\/uploads\/2023\/08\/C\u00e9ron-2023_nuit-768x452.jpg 768w\" sizes=\"auto, (max-width: 1024px) 100vw, 1024px\" \/><\/a><\/p>\n","protected":false},"excerpt":{"rendered":"<p><a href=\"http:\/\/astroaspach.fr\/astroaspachV2\/wp-content\/uploads\/2023\/08\/C\u00e9ron-2023_troupe.jpg\"><img loading=\"lazy\" decoding=\"async\" class=\"alignleft wp-image-2574\" src=\"http:\/\/astroaspach.fr\/astroaspachV2\/wp-content\/uploads\/2023\/08\/C\u00e9ron-2023_troupe-300x80.jpg\" alt=\"\" width=\"100\" height=\"27\" srcset=\"https:\/\/astroaspach.fr\/astroaspachV2\/wp-content\/uploads\/2023\/08\/C\u00e9ron-2023_troupe-300x80.jpg 300w, https:\/\/astroaspach.fr\/astroaspachV2\/wp-content\/uploads\/2023\/08\/C\u00e9ron-2023_troupe-768x205.jpg 768w, https:\/\/astroaspach.fr\/astroaspachV2\/wp-content\/uploads\/2023\/08\/C\u00e9ron-2023_troupe.jpg 1024w\" sizes=\"auto, (max-width: 100px) 100vw, 100px\" \/><\/a><br \/>\nUne semaine compl\u00e8te d&rsquo;observations de nuit pour les membres d&rsquo;Astroaspach ! <\/p>\n","protected":false},"author":1,"featured_media":0,"comment_status":"closed","ping_status":"open","sticky":false,"template":"","format":"standard","meta":{"footnotes":""},"categories":[2],"tags":[],"class_list":["post-2575","post","type-post","status-publish","format-standard","hentry","category-nos-images"],"_links":{"self":[{"href":"https:\/\/astroaspach.fr\/astroaspachV2\/wp-json\/wp\/v2\/posts\/2575","targetHints":{"allow":["GET"]}}],"collection":[{"href":"https:\/\/astroaspach.fr\/astroaspachV2\/wp-json\/wp\/v2\/posts"}],"about":[{"href":"https:\/\/astroaspach.fr\/astroaspachV2\/wp-json\/wp\/v2\/types\/post"}],"author":[{"embeddable":true,"href":"https:\/\/astroaspach.fr\/astroaspachV2\/wp-json\/wp\/v2\/users\/1"}],"replies":[{"embeddable":true,"href":"https:\/\/astroaspach.fr\/astroaspachV2\/wp-json\/wp\/v2\/comments?post=2575"}],"version-history":[{"count":11,"href":"https:\/\/astroaspach.fr\/astroaspachV2\/wp-json\/wp\/v2\/posts\/2575\/revisions"}],"predecessor-version":[{"id":2587,"href":"https:\/\/astroaspach.fr\/astroaspachV2\/wp-json\/wp\/v2\/posts\/2575\/revisions\/2587"}],"wp:attachment":[{"href":"https:\/\/astroaspach.fr\/astroaspachV2\/wp-json\/wp\/v2\/media?parent=2575"}],"wp:term":[{"taxonomy":"category","embeddable":true,"href":"https:\/\/astroaspach.fr\/astroaspachV2\/wp-json\/wp\/v2\/categories?post=2575"},{"taxonomy":"post_tag","embeddable":true,"href":"https:\/\/astroaspach.fr\/astroaspachV2\/wp-json\/wp\/v2\/tags?post=2575"}],"curies":[{"name":"wp","href":"https:\/\/api.w.org\/{rel}","templated":true}]}}