{"id":2541,"date":"2023-05-06T16:58:08","date_gmt":"2023-05-06T15:58:08","guid":{"rendered":"http:\/\/astroaspach.fr\/astroaspachV2\/?p=2541"},"modified":"2023-05-06T16:59:56","modified_gmt":"2023-05-06T15:59:56","slug":"portes-ouvertes-du-29-avril-compte-rendu","status":"publish","type":"post","link":"https:\/\/astroaspach.fr\/astroaspachV2\/2023\/05\/06\/portes-ouvertes-du-29-avril-compte-rendu\/","title":{"rendered":"Portes ouvertes du 29 avril, compte-rendu"},"content":{"rendered":"<p>Tr\u00e8s belle journ\u00e9e de ce samedi 29 avril 2023, \u00e0 l&rsquo;occasion de \u00ab\u00a0Les C&rsquo;yeux ouverts\u00a0\u00bb, notre journ\u00e9e portes ouvertes \u00e0 Aspach(68). Tr\u00e8s belle m\u00e9t\u00e9o ensoleill\u00e9e la journ\u00e9e&#8230;.\u00a0 mais pas d&rsquo;observations le soir, les nuages se sont invit\u00e9s dans le ciel en fin d&rsquo;apr\u00e8s-midi.<\/p>\n<p><a href=\"http:\/\/astroaspach.fr\/astroaspachV2\/wp-content\/uploads\/2023\/05\/aspach-les-impressionnantes-meteorites-de-fer-de-gerard-wyman-1682957177.jpg\"><img loading=\"lazy\" decoding=\"async\" class=\"alignleft wp-image-2540 size-medium\" src=\"http:\/\/astroaspach.fr\/astroaspachV2\/wp-content\/uploads\/2023\/05\/aspach-les-impressionnantes-meteorites-de-fer-de-gerard-wyman-1682957177-300x168.jpg\" alt=\"\" width=\"300\" height=\"168\" srcset=\"https:\/\/astroaspach.fr\/astroaspachV2\/wp-content\/uploads\/2023\/05\/aspach-les-impressionnantes-meteorites-de-fer-de-gerard-wyman-1682957177-300x168.jpg 300w, https:\/\/astroaspach.fr\/astroaspachV2\/wp-content\/uploads\/2023\/05\/aspach-les-impressionnantes-meteorites-de-fer-de-gerard-wyman-1682957177.jpg 643w\" sizes=\"auto, (max-width: 300px) 100vw, 300px\" \/><\/a>Dans le journal local L&rsquo;Alsace , compte rendu qui se focalise sur un atelier particulier, les m\u00e9t\u00e9orites de G\u00e9rard et Suzon.<\/p>\n<p>Les m\u00e9t\u00e9orites, c&rsquo;est aussi de l&rsquo;astronomie !<\/p>\n<p><a href=\"http:\/\/astroaspach.fr\/astroaspachV2\/wp-content\/uploads\/2023\/05\/2023-05-02-LAlsace.pdf\" target=\"_blank\" rel=\"noopener noreferrer\">Voir la page du journal du mardi 2 mai 2023<\/a><\/p>\n\n\n<p><\/p>\n","protected":false},"excerpt":{"rendered":"<p><a href=\"http:\/\/astroaspach.fr\/astroaspachV2\/wp-content\/uploads\/2023\/05\/aspach-les-impressionnantes-meteorites-de-fer-de-gerard-wyman-1682957177.jpg\"><img loading=\"lazy\" decoding=\"async\" class=\"alignleft wp-image-2540\" src=\"http:\/\/astroaspach.fr\/astroaspachV2\/wp-content\/uploads\/2023\/05\/aspach-les-impressionnantes-meteorites-de-fer-de-gerard-wyman-1682957177-300x168.jpg\" alt=\"\" width=\"100\" height=\"56\" srcset=\"https:\/\/astroaspach.fr\/astroaspachV2\/wp-content\/uploads\/2023\/05\/aspach-les-impressionnantes-meteorites-de-fer-de-gerard-wyman-1682957177-300x168.jpg 300w, https:\/\/astroaspach.fr\/astroaspachV2\/wp-content\/uploads\/2023\/05\/aspach-les-impressionnantes-meteorites-de-fer-de-gerard-wyman-1682957177.jpg 643w\" sizes=\"auto, (max-width: 100px) 100vw, 100px\" \/><\/a><br \/>\nLes sid\u00e9rites de G\u00e9rard et Suzon !<\/p>\n","protected":false},"author":1,"featured_media":0,"comment_status":"closed","ping_status":"open","sticky":false,"template":"","format":"standard","meta":{"footnotes":""},"categories":[6],"tags":[],"class_list":["post-2541","post","type-post","status-publish","format-standard","hentry","category-nos-animations"],"_links":{"self":[{"href":"https:\/\/astroaspach.fr\/astroaspachV2\/wp-json\/wp\/v2\/posts\/2541","targetHints":{"allow":["GET"]}}],"collection":[{"href":"https:\/\/astroaspach.fr\/astroaspachV2\/wp-json\/wp\/v2\/posts"}],"about":[{"href":"https:\/\/astroaspach.fr\/astroaspachV2\/wp-json\/wp\/v2\/types\/post"}],"author":[{"embeddable":true,"href":"https:\/\/astroaspach.fr\/astroaspachV2\/wp-json\/wp\/v2\/users\/1"}],"replies":[{"embeddable":true,"href":"https:\/\/astroaspach.fr\/astroaspachV2\/wp-json\/wp\/v2\/comments?post=2541"}],"version-history":[{"count":7,"href":"https:\/\/astroaspach.fr\/astroaspachV2\/wp-json\/wp\/v2\/posts\/2541\/revisions"}],"predecessor-version":[{"id":2548,"href":"https:\/\/astroaspach.fr\/astroaspachV2\/wp-json\/wp\/v2\/posts\/2541\/revisions\/2548"}],"wp:attachment":[{"href":"https:\/\/astroaspach.fr\/astroaspachV2\/wp-json\/wp\/v2\/media?parent=2541"}],"wp:term":[{"taxonomy":"category","embeddable":true,"href":"https:\/\/astroaspach.fr\/astroaspachV2\/wp-json\/wp\/v2\/categories?post=2541"},{"taxonomy":"post_tag","embeddable":true,"href":"https:\/\/astroaspach.fr\/astroaspachV2\/wp-json\/wp\/v2\/tags?post=2541"}],"curies":[{"name":"wp","href":"https:\/\/api.w.org\/{rel}","templated":true}]}}