{"id":2352,"date":"2021-09-23T11:14:07","date_gmt":"2021-09-23T10:14:07","guid":{"rendered":"http:\/\/astroaspach.fr\/astroaspachV2\/?p=2352"},"modified":"2021-09-23T18:36:24","modified_gmt":"2021-09-23T17:36:24","slug":"animations-a-dietwiller","status":"publish","type":"post","link":"https:\/\/astroaspach.fr\/astroaspachV2\/2021\/09\/23\/animations-a-dietwiller\/","title":{"rendered":"Animations \u00e0 Dietwiller"},"content":{"rendered":"<p>Samedi pass\u00e9 18 septembre 2021, \u00e0 l&rsquo;invitation de la commune de Dietwiller, une grande animation sur le th\u00e8me de l&rsquo;astronomie. La m\u00e9t\u00e9o \u00e9tait avec nous, le soir nous avons pu observer V\u00e9nus, Jupiter, Saturne et d&rsquo;autres curiosit\u00e9s c\u00e9lestes. A noter que <strong><span style=\"color: #ffff00;\">Dietwiller est une commune qui \u00e9teint l&rsquo;\u00e9clairage public la nuit<\/span><\/strong>, Bravo !<\/p>\n<p>Et \u00e0 la suite de cette journ\u00e9e, Philippe est intervenu dans les trois classes de l&rsquo;\u00e9cole primaire, a emmen\u00e9 les enfants sur le chemin des plan\u00e8tes pour un voyage dans le syst\u00e8me solaire,&nbsp; lundi et mardi.<\/p>\n<p>Ci dessous, les ateliers propos\u00e9s lors de cette journ\u00e9e de d\u00e9couverte :<\/p>\n<table>\n<tbody>\n<tr>\n<td><a href=\"http:\/\/astroaspach.fr\/astroaspachV2\/wp-content\/uploads\/2021\/09\/01Dietwiller-Observationnocturne.jpg\"><img loading=\"lazy\" decoding=\"async\" class=\"alignleft wp-image-2335 size-full\" src=\"http:\/\/astroaspach.fr\/astroaspachV2\/wp-content\/uploads\/2021\/09\/01Dietwiller-Observationnocturne.jpg\" alt=\"\" width=\"800\" height=\"531\" srcset=\"https:\/\/astroaspach.fr\/astroaspachV2\/wp-content\/uploads\/2021\/09\/01Dietwiller-Observationnocturne.jpg 800w, https:\/\/astroaspach.fr\/astroaspachV2\/wp-content\/uploads\/2021\/09\/01Dietwiller-Observationnocturne-300x199.jpg 300w, https:\/\/astroaspach.fr\/astroaspachV2\/wp-content\/uploads\/2021\/09\/01Dietwiller-Observationnocturne-768x510.jpg 768w\" sizes=\"auto, (max-width: 800px) 100vw, 800px\" \/><\/a><\/td>\n<td width=\"5\"><\/td>\n<td>La m\u00e9t\u00e9o \u00e9tait avec nous, avec une belle apr\u00e8s-midi ensoleill\u00e9e, et un d\u00e9but de soir\u00e9e cl\u00e9ment ! On voit Jupiter, Saturne.<\/td>\n<\/tr>\n<tr>\n<td><a href=\"http:\/\/astroaspach.fr\/astroaspachV2\/wp-content\/uploads\/2021\/09\/03Instruments.jpg\"><img loading=\"lazy\" decoding=\"async\" class=\"alignleft wp-image-2336\" src=\"http:\/\/astroaspach.fr\/astroaspachV2\/wp-content\/uploads\/2021\/09\/03Instruments-300x200.jpg\" alt=\"\" width=\"750\" height=\"500\" srcset=\"https:\/\/astroaspach.fr\/astroaspachV2\/wp-content\/uploads\/2021\/09\/03Instruments-300x200.jpg 300w, https:\/\/astroaspach.fr\/astroaspachV2\/wp-content\/uploads\/2021\/09\/03Instruments-768x512.jpg 768w, https:\/\/astroaspach.fr\/astroaspachV2\/wp-content\/uploads\/2021\/09\/03Instruments.jpg 800w\" sizes=\"auto, (max-width: 750px) 100vw, 750px\" \/><\/a><\/td>\n<td width=\"5\"><\/td>\n<td>Bien \u00e9videmment, pr\u00e9sentation de nos nombreux instruments, t\u00e9lescope, lunettes, Lunt<\/td>\n<\/tr>\n<tr>\n<td><a href=\"http:\/\/astroaspach.fr\/astroaspachV2\/wp-content\/uploads\/2021\/09\/05Meteorites.jpg\"><img loading=\"lazy\" decoding=\"async\" class=\"size-medium wp-image-2337 alignleft\" src=\"http:\/\/astroaspach.fr\/astroaspachV2\/wp-content\/uploads\/2021\/09\/05Meteorites-300x168.jpg\" alt=\"\" width=\"300\" height=\"168\" srcset=\"https:\/\/astroaspach.fr\/astroaspachV2\/wp-content\/uploads\/2021\/09\/05Meteorites-300x168.jpg 300w, https:\/\/astroaspach.fr\/astroaspachV2\/wp-content\/uploads\/2021\/09\/05Meteorites-768x431.jpg 768w, https:\/\/astroaspach.fr\/astroaspachV2\/wp-content\/uploads\/2021\/09\/05Meteorites.jpg 800w\" sizes=\"auto, (max-width: 300px) 100vw, 300px\" \/><\/a><\/td>\n<td width=\"5\"><\/td>\n<td>Une exposition de m\u00e9t\u00e9orites, c&rsquo;est la passion de G\u00e9rard.<\/td>\n<\/tr>\n<tr>\n<td><a href=\"http:\/\/astroaspach.fr\/astroaspachV2\/wp-content\/uploads\/2021\/09\/05Meteorites02.jpg\"><img loading=\"lazy\" decoding=\"async\" class=\"size-medium wp-image-2338 alignleft\" src=\"http:\/\/astroaspach.fr\/astroaspachV2\/wp-content\/uploads\/2021\/09\/05Meteorites02-199x300.jpg\" alt=\"\" width=\"199\" height=\"300\" srcset=\"https:\/\/astroaspach.fr\/astroaspachV2\/wp-content\/uploads\/2021\/09\/05Meteorites02-199x300.jpg 199w, https:\/\/astroaspach.fr\/astroaspachV2\/wp-content\/uploads\/2021\/09\/05Meteorites02.jpg 531w\" sizes=\"auto, (max-width: 199px) 100vw, 199px\" \/><\/a><\/td>\n<td width=\"5\"><\/td>\n<td>Un morceau de la m\u00e9t\u00e9orite de SaintAubin.<\/td>\n<\/tr>\n<tr>\n<td><a href=\"http:\/\/astroaspach.fr\/astroaspachV2\/wp-content\/uploads\/2021\/09\/11ChuteMeteoriteLuneCratere.jpg\"><img loading=\"lazy\" decoding=\"async\" class=\"alignleft wp-image-2387 size-medium\" src=\"http:\/\/astroaspach.fr\/astroaspachV2\/wp-content\/uploads\/2021\/09\/11ChuteMeteoriteLuneCratere-300x166.jpg\" alt=\"\" width=\"300\" height=\"166\" srcset=\"https:\/\/astroaspach.fr\/astroaspachV2\/wp-content\/uploads\/2021\/09\/11ChuteMeteoriteLuneCratere-300x166.jpg 300w, https:\/\/astroaspach.fr\/astroaspachV2\/wp-content\/uploads\/2021\/09\/11ChuteMeteoriteLuneCratere.jpg 489w\" sizes=\"auto, (max-width: 300px) 100vw, 300px\" \/><\/a><\/td>\n<td width=\"5\"><\/td>\n<td>Simulation de la chute d&rsquo;une m\u00e9t\u00e9orite sur la lune, avec cr\u00e9ation d&rsquo;un crat\u00e8re&#8230;dans de la farine recouverte d&rsquo;une couche de chocolat en poudre.<\/td>\n<\/tr>\n<tr>\n<td><a href=\"http:\/\/astroaspach.fr\/astroaspachV2\/wp-content\/uploads\/2021\/09\/08ExpoPhotos.jpg\"><img loading=\"lazy\" decoding=\"async\" class=\"alignnone size-medium wp-image-2339\" src=\"http:\/\/astroaspach.fr\/astroaspachV2\/wp-content\/uploads\/2021\/09\/08ExpoPhotos-300x200.jpg\" alt=\"\" width=\"300\" height=\"200\" srcset=\"https:\/\/astroaspach.fr\/astroaspachV2\/wp-content\/uploads\/2021\/09\/08ExpoPhotos-300x200.jpg 300w, https:\/\/astroaspach.fr\/astroaspachV2\/wp-content\/uploads\/2021\/09\/08ExpoPhotos-768x512.jpg 768w, https:\/\/astroaspach.fr\/astroaspachV2\/wp-content\/uploads\/2021\/09\/08ExpoPhotos.jpg 800w\" sizes=\"auto, (max-width: 300px) 100vw, 300px\" \/><\/a><\/td>\n<td width=\"5\"><\/td>\n<td>Une exposition de photos faites au club.<\/td>\n<\/tr>\n<tr>\n<td><a href=\"http:\/\/astroaspach.fr\/astroaspachV2\/wp-content\/uploads\/2021\/09\/09Conferences.jpg\"><img loading=\"lazy\" decoding=\"async\" class=\"alignnone size-medium wp-image-2340\" src=\"http:\/\/astroaspach.fr\/astroaspachV2\/wp-content\/uploads\/2021\/09\/09Conferences-300x200.jpg\" alt=\"\" width=\"300\" height=\"200\" srcset=\"https:\/\/astroaspach.fr\/astroaspachV2\/wp-content\/uploads\/2021\/09\/09Conferences-300x200.jpg 300w, https:\/\/astroaspach.fr\/astroaspachV2\/wp-content\/uploads\/2021\/09\/09Conferences-768x512.jpg 768w, https:\/\/astroaspach.fr\/astroaspachV2\/wp-content\/uploads\/2021\/09\/09Conferences.jpg 800w\" sizes=\"auto, (max-width: 300px) 100vw, 300px\" \/><\/a><\/td>\n<td width=\"20\"><\/td>\n<td>Des conf\u00e9rences :<br \/>\n&#8211; Les m\u00e9t\u00e9orites<br \/>\n&#8211; Les exoplan\u00e8tes<br \/>\n&#8211;&nbsp;La constellation Starlink de Elon Musk<br \/>\n&#8211; Trois fois rien sur le vide<br \/>\n&#8211; La pollution lumineuse<\/td>\n<\/tr>\n<tr>\n<td><a href=\"http:\/\/astroaspach.fr\/astroaspachV2\/wp-content\/uploads\/2021\/09\/10DietwillerCadransSolaires.jpg\"><img loading=\"lazy\" decoding=\"async\" class=\"alignnone size-medium wp-image-2342\" src=\"http:\/\/astroaspach.fr\/astroaspachV2\/wp-content\/uploads\/2021\/09\/10DietwillerCadransSolaires-300x168.jpg\" alt=\"\" width=\"300\" height=\"168\" srcset=\"https:\/\/astroaspach.fr\/astroaspachV2\/wp-content\/uploads\/2021\/09\/10DietwillerCadransSolaires-300x168.jpg 300w, https:\/\/astroaspach.fr\/astroaspachV2\/wp-content\/uploads\/2021\/09\/10DietwillerCadransSolaires-768x431.jpg 768w, https:\/\/astroaspach.fr\/astroaspachV2\/wp-content\/uploads\/2021\/09\/10DietwillerCadransSolaires.jpg 800w\" sizes=\"auto, (max-width: 300px) 100vw, 300px\" \/><\/a><\/td>\n<td width=\"5\"><\/td>\n<td>Des cadrans solaires de toutes les formes.<\/td>\n<\/tr>\n<tr>\n<td><a href=\"http:\/\/astroaspach.fr\/astroaspachV2\/wp-content\/uploads\/2021\/09\/15Radioastronimie.jpeg\"><img loading=\"lazy\" decoding=\"async\" class=\"alignnone size-medium wp-image-2343\" src=\"http:\/\/astroaspach.fr\/astroaspachV2\/wp-content\/uploads\/2021\/09\/15Radioastronimie-225x300.jpeg\" alt=\"\" width=\"225\" height=\"300\" srcset=\"https:\/\/astroaspach.fr\/astroaspachV2\/wp-content\/uploads\/2021\/09\/15Radioastronimie-225x300.jpeg 225w, https:\/\/astroaspach.fr\/astroaspachV2\/wp-content\/uploads\/2021\/09\/15Radioastronimie.jpeg 600w\" sizes=\"auto, (max-width: 225px) 100vw, 225px\" \/><\/a><\/td>\n<td width=\"5\"><\/td>\n<td>Des exp\u00e9riences de Radioastronomie.<\/td>\n<\/tr>\n<tr>\n<td><a href=\"http:\/\/astroaspach.fr\/astroaspachV2\/wp-content\/uploads\/2021\/09\/15Yves.jpg\"><img loading=\"lazy\" decoding=\"async\" class=\"alignnone size-medium wp-image-2344\" src=\"http:\/\/astroaspach.fr\/astroaspachV2\/wp-content\/uploads\/2021\/09\/15Yves-300x165.jpg\" alt=\"\" width=\"300\" height=\"165\" srcset=\"https:\/\/astroaspach.fr\/astroaspachV2\/wp-content\/uploads\/2021\/09\/15Yves-300x165.jpg 300w, https:\/\/astroaspach.fr\/astroaspachV2\/wp-content\/uploads\/2021\/09\/15Yves-768x422.jpg 768w, https:\/\/astroaspach.fr\/astroaspachV2\/wp-content\/uploads\/2021\/09\/15Yves.jpg 800w\" sizes=\"auto, (max-width: 300px) 100vw, 300px\" \/><\/a><\/td>\n<td width=\"5\"><\/td>\n<td>Des exp\u00e9riences de Spectroscopie&#8230;. la table de Yves n&rsquo;est pas encore trop charg\u00e9e de fils et de c\u00e2bles de toutes sortes !<\/td>\n<\/tr>\n<tr>\n<td><a href=\"http:\/\/astroaspach.fr\/astroaspachV2\/wp-content\/uploads\/2021\/09\/25DietwillerTerreLuneSoleil.jpg\"><img loading=\"lazy\" decoding=\"async\" class=\"alignnone size-medium wp-image-2345\" src=\"http:\/\/astroaspach.fr\/astroaspachV2\/wp-content\/uploads\/2021\/09\/25DietwillerTerreLuneSoleil-300x219.jpg\" alt=\"\" width=\"300\" height=\"219\" srcset=\"https:\/\/astroaspach.fr\/astroaspachV2\/wp-content\/uploads\/2021\/09\/25DietwillerTerreLuneSoleil-300x219.jpg 300w, https:\/\/astroaspach.fr\/astroaspachV2\/wp-content\/uploads\/2021\/09\/25DietwillerTerreLuneSoleil-768x560.jpg 768w, https:\/\/astroaspach.fr\/astroaspachV2\/wp-content\/uploads\/2021\/09\/25DietwillerTerreLuneSoleil.jpg 800w\" sizes=\"auto, (max-width: 300px) 100vw, 300px\" \/><\/a><\/td>\n<td width=\"5\"><\/td>\n<td>Des maquettes Terre, Lune et Soleil pour expliquer \u00a0\u00bb comment \u00e7a marche \u00ab\u00a0.<\/td>\n<\/tr>\n<tr>\n<td><a href=\"http:\/\/astroaspach.fr\/astroaspachV2\/wp-content\/uploads\/2021\/09\/28FriseDuTempsQuiPasse.jpg\"><img loading=\"lazy\" decoding=\"async\" class=\"alignnone size-medium wp-image-2346\" src=\"http:\/\/astroaspach.fr\/astroaspachV2\/wp-content\/uploads\/2021\/09\/28FriseDuTempsQuiPasse-300x80.jpg\" alt=\"\" width=\"300\" height=\"80\" srcset=\"https:\/\/astroaspach.fr\/astroaspachV2\/wp-content\/uploads\/2021\/09\/28FriseDuTempsQuiPasse-300x80.jpg 300w, https:\/\/astroaspach.fr\/astroaspachV2\/wp-content\/uploads\/2021\/09\/28FriseDuTempsQuiPasse-768x204.jpg 768w, https:\/\/astroaspach.fr\/astroaspachV2\/wp-content\/uploads\/2021\/09\/28FriseDuTempsQuiPasse.jpg 800w\" sizes=\"auto, (max-width: 300px) 100vw, 300px\" \/><\/a><\/td>\n<td width=\"5\"><\/td>\n<td>La frise du temps qui passe.<\/td>\n<\/tr>\n<tr>\n<td><a href=\"http:\/\/astroaspach.fr\/astroaspachV2\/wp-content\/uploads\/2021\/09\/30DietwillerExoplan\u00e8tes.jpg\"><img loading=\"lazy\" decoding=\"async\" class=\"alignnone size-medium wp-image-2347\" src=\"http:\/\/astroaspach.fr\/astroaspachV2\/wp-content\/uploads\/2021\/09\/30DietwillerExoplan\u00e8tes-300x200.jpg\" alt=\"\" width=\"300\" height=\"200\" srcset=\"https:\/\/astroaspach.fr\/astroaspachV2\/wp-content\/uploads\/2021\/09\/30DietwillerExoplan\u00e8tes-300x200.jpg 300w, https:\/\/astroaspach.fr\/astroaspachV2\/wp-content\/uploads\/2021\/09\/30DietwillerExoplan\u00e8tes-768x512.jpg 768w, https:\/\/astroaspach.fr\/astroaspachV2\/wp-content\/uploads\/2021\/09\/30DietwillerExoplan\u00e8tes.jpg 800w\" sizes=\"auto, (max-width: 300px) 100vw, 300px\" \/><\/a><\/td>\n<td width=\"5\"><\/td>\n<td>Une maquette d&rsquo;Exoplan\u00e8tes, avec une mesure de la diminution de la lumi\u00e8re, lorsqu&rsquo;une plan\u00e8te se d\u00e9place devant l&rsquo;\u00e9toile, et affichage de cette courbe sur un \u00e9cran d&rsquo;ordinateur.<\/td>\n<\/tr>\n<tr>\n<td><a href=\"http:\/\/astroaspach.fr\/astroaspachV2\/wp-content\/uploads\/2021\/09\/35DietwillerEspaceTemps.jpeg\"><img loading=\"lazy\" decoding=\"async\" class=\"alignnone size-medium wp-image-2348\" src=\"http:\/\/astroaspach.fr\/astroaspachV2\/wp-content\/uploads\/2021\/09\/35DietwillerEspaceTemps-225x300.jpeg\" alt=\"\" width=\"225\" height=\"300\" srcset=\"https:\/\/astroaspach.fr\/astroaspachV2\/wp-content\/uploads\/2021\/09\/35DietwillerEspaceTemps-225x300.jpeg 225w, https:\/\/astroaspach.fr\/astroaspachV2\/wp-content\/uploads\/2021\/09\/35DietwillerEspaceTemps.jpeg 600w\" sizes=\"auto, (max-width: 225px) 100vw, 225px\" \/><\/a><\/td>\n<td width=\"5\"><\/td>\n<td>Une maquette qui tente une repr\u00e9sentation de la d\u00e9formation de l&rsquo;espace-temps.<\/td>\n<\/tr>\n<tr>\n<td><a href=\"http:\/\/astroaspach.fr\/astroaspachV2\/wp-content\/uploads\/2021\/09\/50Dietwiller-Saturne.jpeg\"><img loading=\"lazy\" decoding=\"async\" class=\"alignnone size-medium wp-image-2349\" src=\"http:\/\/astroaspach.fr\/astroaspachV2\/wp-content\/uploads\/2021\/09\/50Dietwiller-Saturne-225x300.jpeg\" alt=\"\" width=\"225\" height=\"300\" srcset=\"https:\/\/astroaspach.fr\/astroaspachV2\/wp-content\/uploads\/2021\/09\/50Dietwiller-Saturne-225x300.jpeg 225w, https:\/\/astroaspach.fr\/astroaspachV2\/wp-content\/uploads\/2021\/09\/50Dietwiller-Saturne.jpeg 600w\" sizes=\"auto, (max-width: 225px) 100vw, 225px\" \/><\/a><\/td>\n<td width=\"5\"><\/td>\n<td>Une maquette de la fus\u00e9e Saturn V.<\/td>\n<\/tr>\n<tr>\n<td><a href=\"http:\/\/astroaspach.fr\/astroaspachV2\/wp-content\/uploads\/2021\/09\/55Dietwiller-SolLunaireLem.jpeg\"><img loading=\"lazy\" decoding=\"async\" class=\"alignnone size-medium wp-image-2350\" src=\"http:\/\/astroaspach.fr\/astroaspachV2\/wp-content\/uploads\/2021\/09\/55Dietwiller-SolLunaireLem-300x225.jpeg\" alt=\"\" width=\"300\" height=\"225\" srcset=\"https:\/\/astroaspach.fr\/astroaspachV2\/wp-content\/uploads\/2021\/09\/55Dietwiller-SolLunaireLem-300x225.jpeg 300w, https:\/\/astroaspach.fr\/astroaspachV2\/wp-content\/uploads\/2021\/09\/55Dietwiller-SolLunaireLem-768x576.jpeg 768w, https:\/\/astroaspach.fr\/astroaspachV2\/wp-content\/uploads\/2021\/09\/55Dietwiller-SolLunaireLem.jpeg 800w\" sizes=\"auto, (max-width: 300px) 100vw, 300px\" \/><\/a><\/td>\n<td width=\"5\"><\/td>\n<td>La surface lunaire, et le LEM.<\/td>\n<\/tr>\n<tr>\n<td><a href=\"http:\/\/astroaspach.fr\/astroaspachV2\/wp-content\/uploads\/2021\/09\/90CheminDesPlanetes.jpeg\"><img loading=\"lazy\" decoding=\"async\" class=\"alignnone size-medium wp-image-2351\" src=\"http:\/\/astroaspach.fr\/astroaspachV2\/wp-content\/uploads\/2021\/09\/90CheminDesPlanetes-225x300.jpeg\" alt=\"\" width=\"225\" height=\"300\" srcset=\"https:\/\/astroaspach.fr\/astroaspachV2\/wp-content\/uploads\/2021\/09\/90CheminDesPlanetes-225x300.jpeg 225w, https:\/\/astroaspach.fr\/astroaspachV2\/wp-content\/uploads\/2021\/09\/90CheminDesPlanetes.jpeg 600w\" sizes=\"auto, (max-width: 225px) 100vw, 225px\" \/><\/a><\/td>\n<td width=\"5\"><\/td>\n<td>Et une balade sur le chemin des plan\u00e8tes, un vrai voyage, avec les commentaires de Philippe, Jean-Pascal et Maxime.<\/td>\n<\/tr>\n<\/tbody>\n<\/table>\n","protected":false},"excerpt":{"rendered":"<p><a href=\"http:\/\/astroaspach.fr\/astroaspachV2\/wp-content\/uploads\/2021\/09\/DietwillerPanneau.jpg\"><img loading=\"lazy\" decoding=\"async\" class=\"alignleft wp-image-2331\" src=\"http:\/\/astroaspach.fr\/astroaspachV2\/wp-content\/uploads\/2021\/09\/DietwillerPanneau-300x160.jpg\" alt=\"\" width=\"100\" height=\"53\" srcset=\"https:\/\/astroaspach.fr\/astroaspachV2\/wp-content\/uploads\/2021\/09\/DietwillerPanneau-300x160.jpg 300w, https:\/\/astroaspach.fr\/astroaspachV2\/wp-content\/uploads\/2021\/09\/DietwillerPanneau.jpg 302w\" sizes=\"auto, (max-width: 100px) 100vw, 100px\" \/><\/a><br \/>\nMagnifique journ\u00e9e d&rsquo;animations \u00e0 Dietwiller !<\/p>\n","protected":false},"author":1,"featured_media":0,"comment_status":"closed","ping_status":"open","sticky":false,"template":"","format":"standard","meta":{"footnotes":""},"categories":[6],"tags":[],"class_list":["post-2352","post","type-post","status-publish","format-standard","hentry","category-nos-animations"],"_links":{"self":[{"href":"https:\/\/astroaspach.fr\/astroaspachV2\/wp-json\/wp\/v2\/posts\/2352","targetHints":{"allow":["GET"]}}],"collection":[{"href":"https:\/\/astroaspach.fr\/astroaspachV2\/wp-json\/wp\/v2\/posts"}],"about":[{"href":"https:\/\/astroaspach.fr\/astroaspachV2\/wp-json\/wp\/v2\/types\/post"}],"author":[{"embeddable":true,"href":"https:\/\/astroaspach.fr\/astroaspachV2\/wp-json\/wp\/v2\/users\/1"}],"replies":[{"embeddable":true,"href":"https:\/\/astroaspach.fr\/astroaspachV2\/wp-json\/wp\/v2\/comments?post=2352"}],"version-history":[{"count":33,"href":"https:\/\/astroaspach.fr\/astroaspachV2\/wp-json\/wp\/v2\/posts\/2352\/revisions"}],"predecessor-version":[{"id":2388,"href":"https:\/\/astroaspach.fr\/astroaspachV2\/wp-json\/wp\/v2\/posts\/2352\/revisions\/2388"}],"wp:attachment":[{"href":"https:\/\/astroaspach.fr\/astroaspachV2\/wp-json\/wp\/v2\/media?parent=2352"}],"wp:term":[{"taxonomy":"category","embeddable":true,"href":"https:\/\/astroaspach.fr\/astroaspachV2\/wp-json\/wp\/v2\/categories?post=2352"},{"taxonomy":"post_tag","embeddable":true,"href":"https:\/\/astroaspach.fr\/astroaspachV2\/wp-json\/wp\/v2\/tags?post=2352"}],"curies":[{"name":"wp","href":"https:\/\/api.w.org\/{rel}","templated":true}]}}