{"id":155,"date":"2015-12-03T21:51:46","date_gmt":"2015-12-03T20:51:46","guid":{"rendered":"http:\/\/astroaspach.fr\/astroaspachV2\/?p=155"},"modified":"2015-12-07T20:48:01","modified_gmt":"2015-12-07T19:48:01","slug":"images-declipses-solaires","status":"publish","type":"post","link":"https:\/\/astroaspach.fr\/astroaspachV2\/2015\/12\/03\/images-declipses-solaires\/","title":{"rendered":"Images d&rsquo;\u00e9clipses solaires"},"content":{"rendered":"<p>Quelques images d&rsquo;\u00e9clipses solaires, prises en Chine, aux \u00eeles F\u00e9ro\u00e9 ou en Espagne et ailleurs !<\/p>\n<table>\n<tbody>\n<tr>\n<td>\u00a0<a href=\"http:\/\/astroaspach.fr\/astroaspachV2\/wp-content\/uploads\/2015\/12\/Eclipsetotaledesoleilturquie.jpg\"><img loading=\"lazy\" decoding=\"async\" class=\"alignleft wp-image-47 size-thumbnail\" src=\"http:\/\/astroaspach.fr\/astroaspachV2\/wp-content\/uploads\/2015\/12\/Eclipsetotaledesoleilturquie-150x150.jpg\" alt=\"\u00c9clipse totale de soleil en Turquie\" width=\"150\" height=\"150\" \/><\/a><\/td>\n<td>\u00c9clipse totale de soleil en Turquie<\/td>\n<\/tr>\n<tr>\n<td>\u00a0<a href=\"http:\/\/astroaspach.fr\/astroaspachV2\/wp-content\/uploads\/2015\/12\/EclipsetotaledesoleilFeroe2015.jpg\"><img loading=\"lazy\" decoding=\"async\" class=\"alignleft wp-image-46 size-thumbnail\" src=\"http:\/\/astroaspach.fr\/astroaspachV2\/wp-content\/uploads\/2015\/12\/EclipsetotaledesoleilFeroe2015-150x150.jpg\" alt=\"\u00c9clipse totale de soleil aux F\u00e9ro\u00e9 2015\" width=\"150\" height=\"150\" \/><\/a><\/td>\n<td>\u00a0\u00c9clipse totale de soleil aux \u00eeles F\u00e9ro\u00e9 en 2015<\/td>\n<\/tr>\n<tr>\n<td><a href=\"http:\/\/astroaspach.fr\/astroaspachV2\/wp-content\/uploads\/2015\/12\/EclipsetotaledeChine.jpg\"><img loading=\"lazy\" decoding=\"async\" class=\"alignleft wp-image-45 size-thumbnail\" src=\"http:\/\/astroaspach.fr\/astroaspachV2\/wp-content\/uploads\/2015\/12\/EclipsetotaledeChine-150x150.jpg\" alt=\"\u00c9clipse totale de soleil en Chine\" width=\"150\" height=\"150\" \/><\/a><\/td>\n<td>\u00a0\u00c9clipse totale de soleil en Chine<\/td>\n<\/tr>\n<tr>\n<td><a href=\"http:\/\/astroaspach.fr\/astroaspachV2\/wp-content\/uploads\/2015\/12\/Eclipsesolairedu20mars2015.jpg\"><img loading=\"lazy\" decoding=\"async\" class=\"alignleft wp-image-44 size-thumbnail\" src=\"http:\/\/astroaspach.fr\/astroaspachV2\/wp-content\/uploads\/2015\/12\/Eclipsesolairedu20mars2015-150x150.jpg\" alt=\"\u00c9clipse partielle de soleil du 20 Mars 2015\" width=\"150\" height=\"150\" \/><\/a><\/td>\n<td>\u00a0\u00c9clipse partielle de soleil du 20 Mars 2015 \u00e0 Aspach(68)<\/td>\n<\/tr>\n<tr>\n<td><a href=\"http:\/\/astroaspach.fr\/astroaspachV2\/wp-content\/uploads\/2015\/12\/EclipseSolaireAnnulaireEspagne.jpg\"><img loading=\"lazy\" decoding=\"async\" class=\"alignleft wp-image-43 size-thumbnail\" src=\"http:\/\/astroaspach.fr\/astroaspachV2\/wp-content\/uploads\/2015\/12\/EclipseSolaireAnnulaireEspagne-150x150.jpg\" alt=\"\u00c9clipse annulaire de soleil en Espagne\" width=\"150\" height=\"150\" \/><\/a><\/td>\n<td>\u00a0\u00c9clipse annulaire de soleil en Espagne<\/td>\n<\/tr>\n<tr>\n<td><\/td>\n<td><\/td>\n<\/tr>\n<tr>\n<td><\/td>\n<td><\/td>\n<\/tr>\n<tr>\n<td><\/td>\n<td><\/td>\n<\/tr>\n<tr>\n<td><\/td>\n<td><\/td>\n<\/tr>\n<tr>\n<td><\/td>\n<td><\/td>\n<\/tr>\n<\/tbody>\n<\/table>\n","protected":false},"excerpt":{"rendered":"<p><a href=\"http:\/\/astroaspach.fr\/astroaspachV2\/wp-content\/uploads\/2015\/12\/Eclipsetotaledesoleilturquie.jpg\"><img loading=\"lazy\" decoding=\"async\" class=\"wp-image-47 alignleft\" src=\"http:\/\/astroaspach.fr\/astroaspachV2\/wp-content\/uploads\/2015\/12\/Eclipsetotaledesoleilturquie-300x173.jpg\" alt=\"\u00c9clipse totale de soleil en Turquie\" width=\"100\" height=\"58\" srcset=\"https:\/\/astroaspach.fr\/astroaspachV2\/wp-content\/uploads\/2015\/12\/Eclipsetotaledesoleilturquie-300x173.jpg 300w, https:\/\/astroaspach.fr\/astroaspachV2\/wp-content\/uploads\/2015\/12\/Eclipsetotaledesoleilturquie.jpg 1024w\" sizes=\"auto, (max-width: 100px) 100vw, 100px\" \/><\/a>Quelques images d&rsquo;\u00e9clipses solaires, prises un peu partout sur la plan\u00e8te !<br \/>\n&nbsp;<br \/>\n&nbsp;<\/p>\n","protected":false},"author":1,"featured_media":0,"comment_status":"closed","ping_status":"open","sticky":false,"template":"","format":"standard","meta":{"footnotes":""},"categories":[2],"tags":[],"class_list":["post-155","post","type-post","status-publish","format-standard","hentry","category-nos-images"],"_links":{"self":[{"href":"https:\/\/astroaspach.fr\/astroaspachV2\/wp-json\/wp\/v2\/posts\/155","targetHints":{"allow":["GET"]}}],"collection":[{"href":"https:\/\/astroaspach.fr\/astroaspachV2\/wp-json\/wp\/v2\/posts"}],"about":[{"href":"https:\/\/astroaspach.fr\/astroaspachV2\/wp-json\/wp\/v2\/types\/post"}],"author":[{"embeddable":true,"href":"https:\/\/astroaspach.fr\/astroaspachV2\/wp-json\/wp\/v2\/users\/1"}],"replies":[{"embeddable":true,"href":"https:\/\/astroaspach.fr\/astroaspachV2\/wp-json\/wp\/v2\/comments?post=155"}],"version-history":[{"count":7,"href":"https:\/\/astroaspach.fr\/astroaspachV2\/wp-json\/wp\/v2\/posts\/155\/revisions"}],"predecessor-version":[{"id":240,"href":"https:\/\/astroaspach.fr\/astroaspachV2\/wp-json\/wp\/v2\/posts\/155\/revisions\/240"}],"wp:attachment":[{"href":"https:\/\/astroaspach.fr\/astroaspachV2\/wp-json\/wp\/v2\/media?parent=155"}],"wp:term":[{"taxonomy":"category","embeddable":true,"href":"https:\/\/astroaspach.fr\/astroaspachV2\/wp-json\/wp\/v2\/categories?post=155"},{"taxonomy":"post_tag","embeddable":true,"href":"https:\/\/astroaspach.fr\/astroaspachV2\/wp-json\/wp\/v2\/tags?post=155"}],"curies":[{"name":"wp","href":"https:\/\/api.w.org\/{rel}","templated":true}]}}