{"id":1539,"date":"2019-04-14T07:43:37","date_gmt":"2019-04-14T06:43:37","guid":{"rendered":"http:\/\/astroaspach.fr\/astroaspachV2\/?p=1539"},"modified":"2019-04-14T08:08:08","modified_gmt":"2019-04-14T07:08:08","slug":"animations-a-lecole-primaire-daspach-en-mars-2019","status":"publish","type":"post","link":"https:\/\/astroaspach.fr\/astroaspachV2\/2019\/04\/14\/animations-a-lecole-primaire-daspach-en-mars-2019\/","title":{"rendered":"Animations \u00e0 l&rsquo;\u00e9cole primaire d&rsquo;Aspach en mars 2019"},"content":{"rendered":"<p><a href=\"http:\/\/astroaspach.fr\/astroaspachV2\/wp-content\/uploads\/2019\/04\/Aspach2019Capture02.jpg\"><img loading=\"lazy\" decoding=\"async\" class=\" wp-image-1536 alignnone\" src=\"http:\/\/astroaspach.fr\/astroaspachV2\/wp-content\/uploads\/2019\/04\/Aspach2019Capture02-300x191.jpg\" alt=\"\" width=\"342\" height=\"218\" srcset=\"https:\/\/astroaspach.fr\/astroaspachV2\/wp-content\/uploads\/2019\/04\/Aspach2019Capture02-300x191.jpg 300w, https:\/\/astroaspach.fr\/astroaspachV2\/wp-content\/uploads\/2019\/04\/Aspach2019Capture02.jpg 640w\" sizes=\"auto, (max-width: 342px) 100vw, 342px\" \/><\/a><a href=\"http:\/\/astroaspach.fr\/astroaspachV2\/wp-content\/uploads\/2019\/04\/Aspach2019CadransSolaires15.jpg\"><img loading=\"lazy\" decoding=\"async\" class=\"size-medium wp-image-1534 alignright\" src=\"http:\/\/astroaspach.fr\/astroaspachV2\/wp-content\/uploads\/2019\/04\/Aspach2019CadransSolaires15-283x300.jpg\" alt=\"\" width=\"283\" height=\"300\" srcset=\"https:\/\/astroaspach.fr\/astroaspachV2\/wp-content\/uploads\/2019\/04\/Aspach2019CadransSolaires15-283x300.jpg 283w, https:\/\/astroaspach.fr\/astroaspachV2\/wp-content\/uploads\/2019\/04\/Aspach2019CadransSolaires15.jpg 480w\" sizes=\"auto, (max-width: 283px) 100vw, 283px\" \/><\/a><\/p>\n<p>&nbsp;<\/p>\n<p>Durant le mois de mars 2019, quelques personnes de notre club (\u00c9tienne, Jean-Jacques, Daniel, Philippe) sont intervenues dans trois classes de l&rsquo;\u00e9cole primaire d&rsquo;Aspach, ainsi que dans une classe de l&rsquo;\u00e9cole maternelle.<\/p>\n<p>Au cours de ces apr\u00e8s-midis, plusieurs th\u00e8mes ont \u00e9t\u00e9 abord\u00e9s :<\/p>\n<ul>\n<li>Pr\u00e9sentation de la terre et de l&rsquo;alternance\u00a0 jour \/ nuit avec un globe terrestre<\/li>\n<li>Le syst\u00e8me Terre-Lune-Soleil solaire \u00e0 l&rsquo;aide d&rsquo;une\u00a0 maquette<\/li>\n<li>Le syst\u00e8me solaire avec ses plan\u00e8tes, ses ceintures d&rsquo;ast\u00e9ro\u00efdes, ses com\u00e8tes, ainsi que sa formation<\/li>\n<li>Au-del\u00e0 du syst\u00e8me solaire, les n\u00e9buleuses, les \u00e9toiles, la Voie lact\u00e9e et les galaxies<\/li>\n<li>Une petite histoire de l&rsquo;aventure spatiale<\/li>\n<li>Pr\u00e9sentations d&rsquo;images, de sch\u00e9mas et d&rsquo;explications sous forme de diaporamas<\/li>\n<li>Fabrication par chaque \u00e9l\u00e8ve de la classe de CM2 d&rsquo;un cadran solaire. Par bonheur, le soleil a montr\u00e9 ses rayons pour valider que \u00ab\u00a0\u00e7a marche !\u00a0\u00bb<\/li>\n<li>Et \u00e0 chaque intervention, le jeu toujours tr\u00e8s riche des questions\/r\u00e9ponses !<\/li>\n<\/ul>\n<p>&nbsp;<\/p>\n<p>&nbsp;<\/p>\n<p><a href=\"http:\/\/astroaspach.fr\/astroaspachV2\/wp-content\/uploads\/2019\/04\/Aspach2019AnimationsEcolePrimaire.png\"><img loading=\"lazy\" decoding=\"async\" class=\"alignleft wp-image-1538\" src=\"http:\/\/astroaspach.fr\/astroaspachV2\/wp-content\/uploads\/2019\/04\/Aspach2019AnimationsEcolePrimaire.png\" alt=\"\" width=\"500\" height=\"251\" srcset=\"https:\/\/astroaspach.fr\/astroaspachV2\/wp-content\/uploads\/2019\/04\/Aspach2019AnimationsEcolePrimaire.png 958w, https:\/\/astroaspach.fr\/astroaspachV2\/wp-content\/uploads\/2019\/04\/Aspach2019AnimationsEcolePrimaire-300x151.png 300w, https:\/\/astroaspach.fr\/astroaspachV2\/wp-content\/uploads\/2019\/04\/Aspach2019AnimationsEcolePrimaire-768x386.png 768w\" sizes=\"auto, (max-width: 500px) 100vw, 500px\" \/><\/a><\/p>\n<p>&nbsp;<\/p>\n<p>&nbsp;<\/p>\n<p>&nbsp;<\/p>\n<p>&nbsp;<\/p>\n<p>&nbsp;<\/p>\n<p>&nbsp;<\/p>\n<p>&nbsp;<\/p>\n<p>&nbsp;<\/p>\n<p>&nbsp;<\/p>\n","protected":false},"excerpt":{"rendered":"<p><a href=\"http:\/\/astroaspach.fr\/astroaspachV2\/wp-content\/uploads\/2019\/04\/Aspach2019CadransSolaires10.jpg\"><img loading=\"lazy\" decoding=\"async\" class=\"alignleft wp-image-1533\" src=\"http:\/\/astroaspach.fr\/astroaspachV2\/wp-content\/uploads\/2019\/04\/Aspach2019CadransSolaires10-300x136.jpg\" alt=\"\" width=\"100\" height=\"45\" srcset=\"https:\/\/astroaspach.fr\/astroaspachV2\/wp-content\/uploads\/2019\/04\/Aspach2019CadransSolaires10-300x136.jpg 300w, https:\/\/astroaspach.fr\/astroaspachV2\/wp-content\/uploads\/2019\/04\/Aspach2019CadransSolaires10.jpg 640w\" sizes=\"auto, (max-width: 100px) 100vw, 100px\" \/><\/a>Durant le mois de mars 2019, \u00c9tienne, Jean-Jacques, Daniel, Philippe sont intervenus dans trois classes de l&rsquo;\u00e9cole primaire d&rsquo;Aspach, ainsi que dans une classe de l&rsquo;\u00e9cole maternelle.<\/p>\n","protected":false},"author":1,"featured_media":0,"comment_status":"closed","ping_status":"open","sticky":false,"template":"","format":"standard","meta":{"footnotes":""},"categories":[6],"tags":[],"class_list":["post-1539","post","type-post","status-publish","format-standard","hentry","category-nos-animations"],"_links":{"self":[{"href":"https:\/\/astroaspach.fr\/astroaspachV2\/wp-json\/wp\/v2\/posts\/1539","targetHints":{"allow":["GET"]}}],"collection":[{"href":"https:\/\/astroaspach.fr\/astroaspachV2\/wp-json\/wp\/v2\/posts"}],"about":[{"href":"https:\/\/astroaspach.fr\/astroaspachV2\/wp-json\/wp\/v2\/types\/post"}],"author":[{"embeddable":true,"href":"https:\/\/astroaspach.fr\/astroaspachV2\/wp-json\/wp\/v2\/users\/1"}],"replies":[{"embeddable":true,"href":"https:\/\/astroaspach.fr\/astroaspachV2\/wp-json\/wp\/v2\/comments?post=1539"}],"version-history":[{"count":27,"href":"https:\/\/astroaspach.fr\/astroaspachV2\/wp-json\/wp\/v2\/posts\/1539\/revisions"}],"predecessor-version":[{"id":1566,"href":"https:\/\/astroaspach.fr\/astroaspachV2\/wp-json\/wp\/v2\/posts\/1539\/revisions\/1566"}],"wp:attachment":[{"href":"https:\/\/astroaspach.fr\/astroaspachV2\/wp-json\/wp\/v2\/media?parent=1539"}],"wp:term":[{"taxonomy":"category","embeddable":true,"href":"https:\/\/astroaspach.fr\/astroaspachV2\/wp-json\/wp\/v2\/categories?post=1539"},{"taxonomy":"post_tag","embeddable":true,"href":"https:\/\/astroaspach.fr\/astroaspachV2\/wp-json\/wp\/v2\/tags?post=1539"}],"curies":[{"name":"wp","href":"https:\/\/api.w.org\/{rel}","templated":true}]}}