{"id":1259,"date":"2018-08-09T13:15:50","date_gmt":"2018-08-09T12:15:50","guid":{"rendered":"http:\/\/astroaspach.fr\/astroaspachV2\/?p=1259"},"modified":"2019-02-09T08:23:03","modified_gmt":"2019-02-09T07:23:03","slug":"eclipse-de-lune-du-27-juillet-2018","status":"publish","type":"post","link":"https:\/\/astroaspach.fr\/astroaspachV2\/2018\/08\/09\/eclipse-de-lune-du-27-juillet-2018\/","title":{"rendered":"\u00c9clipse de lune du 27 juillet 2018"},"content":{"rendered":"<p><a href=\"http:\/\/astroaspach.fr\/astroaspachV2\/wp-content\/uploads\/2018\/07\/Eclipse-du-27-juillet.jpg\"><img loading=\"lazy\" decoding=\"async\" class=\"alignleft wp-image-1248 size-medium\" src=\"http:\/\/astroaspach.fr\/astroaspachV2\/wp-content\/uploads\/2018\/07\/Eclipse-du-27-juillet-300x211.jpg\" alt=\"\" width=\"300\" height=\"211\" srcset=\"https:\/\/astroaspach.fr\/astroaspachV2\/wp-content\/uploads\/2018\/07\/Eclipse-du-27-juillet-300x211.jpg 300w, https:\/\/astroaspach.fr\/astroaspachV2\/wp-content\/uploads\/2018\/07\/Eclipse-du-27-juillet-768x541.jpg 768w, https:\/\/astroaspach.fr\/astroaspachV2\/wp-content\/uploads\/2018\/07\/Eclipse-du-27-juillet-1024x721.jpg 1024w\" sizes=\"auto, (max-width: 300px) 100vw, 300px\" \/><\/a><\/p>\n<p>&nbsp;<\/p>\n<p>A l&rsquo;occasion de cette \u00e9clipse de lune, le club AstroAspach s&rsquo;est d\u00e9plac\u00e9 \u00e0 la maison de la nature de Altenach pour animer la soir\u00e9e, avec deux pr\u00e9sentations, des instruments d&rsquo;observation, et la lune au rendez-vous, ainsi que V\u00e9nus, Jupiter, Saturne et Mars, excusez du peu.<\/p>\n<p>&nbsp;<\/p>\n<p>&nbsp;<\/p>\n<p>&nbsp;<\/p>\n<p>Ci contre le compte-rendu dans le journal L&rsquo;Alsace\u00a0\u00a0\u00a0 <a href=\"http:\/\/astroaspach.fr\/astroaspachV2\/wp-content\/uploads\/2018\/08\/LAlsace-pdf-30-juillet-2018-eclipse-de-lune-a-altenach.pdf\" target=\"_blank\" rel=\"noopener noreferrer\">LAlsace pdf 30 juillet 2018 eclipse de lune a altenach<\/a><\/p>\n","protected":false},"excerpt":{"rendered":"<p><a href=\"http:\/\/astroaspach.fr\/astroaspachV2\/wp-content\/uploads\/2018\/07\/Eclipse-du-27-juillet.jpg\"><img loading=\"lazy\" decoding=\"async\" class=\"alignleft wp-image-1248\" src=\"http:\/\/astroaspach.fr\/astroaspachV2\/wp-content\/uploads\/2018\/07\/Eclipse-du-27-juillet-300x211.jpg\" alt=\"\" width=\"100\" height=\"70\" srcset=\"https:\/\/astroaspach.fr\/astroaspachV2\/wp-content\/uploads\/2018\/07\/Eclipse-du-27-juillet-300x211.jpg 300w, https:\/\/astroaspach.fr\/astroaspachV2\/wp-content\/uploads\/2018\/07\/Eclipse-du-27-juillet-768x541.jpg 768w, https:\/\/astroaspach.fr\/astroaspachV2\/wp-content\/uploads\/2018\/07\/Eclipse-du-27-juillet-1024x721.jpg 1024w\" sizes=\"auto, (max-width: 100px) 100vw, 100px\" \/><\/a><br \/>\nLa lune s&rsquo;est lev\u00e9e le 27 juillet 2018 dans le sud de l&rsquo;Alsace, \u00e0 la maison de la nature \u00e0 Altenach, et est apparue sous une belle couleur rouge (&#8230; qui n&rsquo;a rien \u00e0 voir avec la lune rousse&#8230;).<br \/>\n&nbsp;<\/p>\n","protected":false},"author":1,"featured_media":0,"comment_status":"closed","ping_status":"open","sticky":false,"template":"","format":"standard","meta":{"footnotes":""},"categories":[6],"tags":[],"class_list":["post-1259","post","type-post","status-publish","format-standard","hentry","category-nos-animations"],"_links":{"self":[{"href":"https:\/\/astroaspach.fr\/astroaspachV2\/wp-json\/wp\/v2\/posts\/1259","targetHints":{"allow":["GET"]}}],"collection":[{"href":"https:\/\/astroaspach.fr\/astroaspachV2\/wp-json\/wp\/v2\/posts"}],"about":[{"href":"https:\/\/astroaspach.fr\/astroaspachV2\/wp-json\/wp\/v2\/types\/post"}],"author":[{"embeddable":true,"href":"https:\/\/astroaspach.fr\/astroaspachV2\/wp-json\/wp\/v2\/users\/1"}],"replies":[{"embeddable":true,"href":"https:\/\/astroaspach.fr\/astroaspachV2\/wp-json\/wp\/v2\/comments?post=1259"}],"version-history":[{"count":6,"href":"https:\/\/astroaspach.fr\/astroaspachV2\/wp-json\/wp\/v2\/posts\/1259\/revisions"}],"predecessor-version":[{"id":1266,"href":"https:\/\/astroaspach.fr\/astroaspachV2\/wp-json\/wp\/v2\/posts\/1259\/revisions\/1266"}],"wp:attachment":[{"href":"https:\/\/astroaspach.fr\/astroaspachV2\/wp-json\/wp\/v2\/media?parent=1259"}],"wp:term":[{"taxonomy":"category","embeddable":true,"href":"https:\/\/astroaspach.fr\/astroaspachV2\/wp-json\/wp\/v2\/categories?post=1259"},{"taxonomy":"post_tag","embeddable":true,"href":"https:\/\/astroaspach.fr\/astroaspachV2\/wp-json\/wp\/v2\/tags?post=1259"}],"curies":[{"name":"wp","href":"https:\/\/api.w.org\/{rel}","templated":true}]}}