{"id":2480,"date":"2023-01-22T19:07:37","date_gmt":"2023-01-22T18:07:37","guid":{"rendered":"http:\/\/astroaspach.fr\/astroaspachV2\/?p=2480"},"modified":"2023-03-30T21:13:07","modified_gmt":"2023-03-30T20:13:07","slug":"portes-ouvertes-le-samedi-29-avril-2023","status":"publish","type":"post","link":"http:\/\/astroaspach.fr\/astroaspachV2\/2023\/01\/22\/portes-ouvertes-le-samedi-29-avril-2023\/","title":{"rendered":"Portes ouvertes le samedi 29 avril 2023"},"content":{"rendered":"<h3><span style=\"color: #ffcc00;\"><strong>Samedi 29 avril 2023, journ\u00e9e portes ouvertes \u00e0 Aspach (68130) !<\/strong><\/span><\/h3>\n<p><a href=\"http:\/\/astroaspach.fr\/astroaspachV2\/wp-content\/uploads\/2023\/01\/affiche-2023.jpg\"><img loading=\"lazy\" decoding=\"async\" class=\"alignleft wp-image-2481 size-full\" src=\"http:\/\/astroaspach.fr\/astroaspachV2\/wp-content\/uploads\/2023\/01\/affiche-2023.jpg\" alt=\"\" width=\"842\" height=\"1225\" srcset=\"http:\/\/astroaspach.fr\/astroaspachV2\/wp-content\/uploads\/2023\/01\/affiche-2023.jpg 842w, http:\/\/astroaspach.fr\/astroaspachV2\/wp-content\/uploads\/2023\/01\/affiche-2023-206x300.jpg 206w, http:\/\/astroaspach.fr\/astroaspachV2\/wp-content\/uploads\/2023\/01\/affiche-2023-704x1024.jpg 704w, http:\/\/astroaspach.fr\/astroaspachV2\/wp-content\/uploads\/2023\/01\/affiche-2023-768x1117.jpg 768w\" sizes=\"auto, (max-width: 842px) 100vw, 842px\" \/><\/a><\/p>\n<h3><strong><span style=\"color: #ffcc00;\">\u00a0<\/span><\/strong><\/h3>\n<p>Cette manifestation aura lieu \u00e0 deux endroits :<\/p>\n<ul>\n<li>au Foyer Sainte-C\u00e9cile rue des jardins \u00e0 Aspach (68130) de 10h \u00e0 22h o\u00f9 se passeront les diverses animations<\/li>\n<li>\u00e0 l\u2019observatoire rue Bellevue de 14h \u00e0 19h que l\u2019on pourra visiter.<\/li>\n<\/ul>\n<p>Vous irez de d\u00e9couverte en \u00e9tonnement en voyant ce qu\u2019on peut faire ici dans le domaine de l\u2019astronomie sans aller au Chili pour avoir un plus beau ciel\u2026 Il y aura :<\/p>\n<h4>Des expositions :<\/h4>\n<ul>\n<li>Des images r\u00e9alis\u00e9es ici \u00e0 Aspach<\/li>\n<li>Des images en \u00ab 3D \u00bb de Mars et de la Lune<\/li>\n<li>Des m\u00e9t\u00e9orites collect\u00e9es par un collectionneur passionn\u00e9 et comp\u00e9tent<\/li>\n<li>Des mat\u00e9riels astronomiques permettant de faire de l\u2019observation visuelle ou de la photo astronomique<\/li>\n<\/ul>\n<h4>D\u00e9monstrations :<\/h4>\n<ul>\n<li>Philippe et Denis vous feront d\u00e9couvrir \u00e0 l\u2019aide d\u2019une maquette \u00e9tonnante les myst\u00e8res de \u00ab l\u2019espace-temps \u00bb<\/li>\n<li>Lubin vous aidera avec diverses maquettes \u00e0 comprendre des ph\u00e9nom\u00e8nes astronomiques de base<\/li>\n<li>\u00c9tienne utilisera la superbe maquette qu\u2019il a imagin\u00e9e pour montrer comment d\u00e9tecter les \u00ab exoplan\u00e8tes \u00bb<\/li>\n<li>Jean-Marie vous montrera comment r\u00e9aliser simplement avec un appareil photo de superbes \u00ab fil\u00e9s d\u2019\u00e9toiles \u00bb<\/li>\n<li>Bernard vous expliquera les diff\u00e9rents stades de la r\u00e9alisation de belles images du ciel<\/li>\n<li>Vincent, Jean-Pascal et Daniel vous pr\u00e9senteront les diff\u00e9rents types de lunettes et t\u00e9lescopes et leur fonctionnement<\/li>\n<li>Maxime et Damien projetteront sur \u00e9cran des images du Soleil et de V\u00e9nus<\/li>\n<li>Yves vous expliquera que les nuages ne le d\u00e9rangent as pour faire de la radio-astronomie<\/li>\n<li>Denis vous expliquera par une exp\u00e9rience de physique pourquoi les crat\u00e8res lunaires ont cet aspect<\/li>\n<\/ul>\n<h4>Expos\u00e9s-conf\u00e9rences :<\/h4>\n<ul>\n<li>\u00e0 14h G\u00e9rard vous parlera avec maestria des dimensions et proportions dans l\u2019univers<\/li>\n<li>\u00e0 15h Damien reviendra sur l\u2019histoire de notre monde depuis sa cr\u00e9ation<\/li>\n<li>\u00e0 16h Jean-Jacques vous expliquera comment tracer sur un mur un cadran solaire puis comment l\u2019utiliser<\/li>\n<li>\u00e0 17h30 \u00c9tienne reviendra en images sur l\u2019actualit\u00e9 des missions martiennes<\/li>\n<\/ul>\n<h4>Visite de l\u2019observatoire :<\/h4>\n<p>Il sera ouvert de 14h \u00e0 19h et un membre du club vous en fera une visite comment\u00e9e. La balade sur le \u00abchemin des plan\u00e8tes\u00bb se termine au niveau de l&rsquo;observatoire, vous pouvez alors y faire un tour. Mais vous pouvez \u00e9galement vous y rendre directement depuis le Foyer Sainte C\u00e9cile.<\/p>\n<h4>Chemin des plan\u00e8tes :<\/h4>\n<p>Trois d\u00e9parts pour une visite guid\u00e9e du \u00ab chemin des plan\u00e8tes \u00bb\u00a0 par un membre du club qui vous donnera des explications compl\u00e9mentaires. Trois d\u00e9parts \u00e0 14h, 15h et 16h30.<\/p>\n<p><a href=\"http:\/\/astroaspach.fr\/astroaspachV2\/wp-content\/uploads\/2023\/03\/restotruck.png\"><img loading=\"lazy\" decoding=\"async\" class=\"size-medium wp-image-2528 alignleft\" src=\"http:\/\/astroaspach.fr\/astroaspachV2\/wp-content\/uploads\/2023\/03\/restotruck-300x211.png\" alt=\"\" width=\"300\" height=\"211\" srcset=\"http:\/\/astroaspach.fr\/astroaspachV2\/wp-content\/uploads\/2023\/03\/restotruck-300x211.png 300w, http:\/\/astroaspach.fr\/astroaspachV2\/wp-content\/uploads\/2023\/03\/restotruck.png 641w\" sizes=\"auto, (max-width: 300px) 100vw, 300px\" \/><\/a>Une possibilit\u00e9 de souffler un peu apr\u00e8s toutes ces \u00e9motions<br \/>\nEn allant boire un p\u2019tit coup ou manger quelque chose au <span style=\"color: #ffcc00;\"><strong>Rest\u2019o Truck<\/strong> <\/span>qui, bien pourvu, sera sur place \u00e0 partir de 15h, jusqu\u2019\u00e0 la fin de la manifestation.<br \/>\nVous pourrez y rencontrer les membres du club pour continuer les conversations amorc\u00e9es lors de vos diverses visites.<br \/>\nCela permettrait aussi de prolonger ensuite cette journ\u00e9e en observant le ciel depuis l\u2019arri\u00e8re du Foyer\u2026. si la m\u00e9t\u00e9o le permet !<\/p>\n","protected":false},"excerpt":{"rendered":"<p><a href=\"http:\/\/astroaspach.fr\/astroaspachV2\/wp-content\/uploads\/2023\/01\/aspach.png\"><img loading=\"lazy\" decoding=\"async\" class=\"alignleft wp-image-2486\" src=\"http:\/\/astroaspach.fr\/astroaspachV2\/wp-content\/uploads\/2023\/01\/aspach-300x173.png\" alt=\"\" width=\"100\" height=\"58\" srcset=\"http:\/\/astroaspach.fr\/astroaspachV2\/wp-content\/uploads\/2023\/01\/aspach-300x173.png 300w, http:\/\/astroaspach.fr\/astroaspachV2\/wp-content\/uploads\/2023\/01\/aspach.png 604w\" sizes=\"auto, (max-width: 100px) 100vw, 100px\" \/><\/a><\/p>\n<p>&nbsp;<\/p>\n<h4><strong><span style=\"color: #ffcc00;\">Samedi 29 avril 2023, journ\u00e9e portes ouvertes \u00e0 Aspach !<\/span><\/strong><\/h4>\n","protected":false},"author":1,"featured_media":0,"comment_status":"closed","ping_status":"open","sticky":false,"template":"","format":"standard","meta":{"footnotes":""},"categories":[6],"tags":[],"class_list":["post-2480","post","type-post","status-publish","format-standard","hentry","category-nos-animations"],"_links":{"self":[{"href":"http:\/\/astroaspach.fr\/astroaspachV2\/wp-json\/wp\/v2\/posts\/2480","targetHints":{"allow":["GET"]}}],"collection":[{"href":"http:\/\/astroaspach.fr\/astroaspachV2\/wp-json\/wp\/v2\/posts"}],"about":[{"href":"http:\/\/astroaspach.fr\/astroaspachV2\/wp-json\/wp\/v2\/types\/post"}],"author":[{"embeddable":true,"href":"http:\/\/astroaspach.fr\/astroaspachV2\/wp-json\/wp\/v2\/users\/1"}],"replies":[{"embeddable":true,"href":"http:\/\/astroaspach.fr\/astroaspachV2\/wp-json\/wp\/v2\/comments?post=2480"}],"version-history":[{"count":14,"href":"http:\/\/astroaspach.fr\/astroaspachV2\/wp-json\/wp\/v2\/posts\/2480\/revisions"}],"predecessor-version":[{"id":2532,"href":"http:\/\/astroaspach.fr\/astroaspachV2\/wp-json\/wp\/v2\/posts\/2480\/revisions\/2532"}],"wp:attachment":[{"href":"http:\/\/astroaspach.fr\/astroaspachV2\/wp-json\/wp\/v2\/media?parent=2480"}],"wp:term":[{"taxonomy":"category","embeddable":true,"href":"http:\/\/astroaspach.fr\/astroaspachV2\/wp-json\/wp\/v2\/categories?post=2480"},{"taxonomy":"post_tag","embeddable":true,"href":"http:\/\/astroaspach.fr\/astroaspachV2\/wp-json\/wp\/v2\/tags?post=2480"}],"curies":[{"name":"wp","href":"https:\/\/api.w.org\/{rel}","templated":true}]}}