{"id":2007,"date":"2020-06-06T10:58:39","date_gmt":"2020-06-06T09:58:39","guid":{"rendered":"http:\/\/astroaspach.fr\/astroaspachV2\/?p=2007"},"modified":"2020-06-08T07:10:48","modified_gmt":"2020-06-08T06:10:48","slug":"file-depuis-aspach","status":"publish","type":"post","link":"http:\/\/astroaspach.fr\/astroaspachV2\/2020\/06\/06\/file-depuis-aspach\/","title":{"rendered":"Fil\u00e9 depuis Aspach"},"content":{"rendered":"<p>Cette p\u00e9riode du confinement n&rsquo;a pas emp\u00each\u00e9 certains privil\u00e9gi\u00e9s d&rsquo;entre nous, d&rsquo;observer, de poursuivre les activit\u00e9s d&rsquo;observation du ciel ! Par exemple, en prenant quelque images, comme celles ci dessous.<\/p>\n<p>Ce fil\u00e9 a \u00e9t\u00e9 capt\u00e9 par Damien le 21 f\u00e9vrier 2020, juste avant le confinement. Ce fil\u00e9 est le cumul de 300 photos de 30 secondes de pose, donc 2h30 de pose au total. Les photos ont \u00e9t\u00e9 prises de 21h30 \u00e0 minuit, le 21 f\u00e9vrier 2020.<\/p>\n<p><a href=\"http:\/\/astroaspach.fr\/astroaspachV2\/wp-content\/uploads\/2020\/06\/File20200529.jpg\"><img loading=\"lazy\" decoding=\"async\" class=\"aligncenter wp-image-2006 size-full\" src=\"http:\/\/astroaspach.fr\/astroaspachV2\/wp-content\/uploads\/2020\/06\/File20200529.jpg\" alt=\"\" width=\"728\" height=\"600\" srcset=\"http:\/\/astroaspach.fr\/astroaspachV2\/wp-content\/uploads\/2020\/06\/File20200529.jpg 728w, http:\/\/astroaspach.fr\/astroaspachV2\/wp-content\/uploads\/2020\/06\/File20200529-300x247.jpg 300w\" sizes=\"auto, (max-width: 728px) 100vw, 728px\" \/><\/a><\/p>\n<p>Et celui-ci a \u00e9t\u00e9 pris le 29 mai 2020 toujours par Damien&#8230; les arbres se sont garnis de feuilles !<\/p>\n<p><a href=\"http:\/\/astroaspach.fr\/astroaspachV2\/wp-content\/uploads\/2020\/06\/File29052020composite.jpg\"><img loading=\"lazy\" decoding=\"async\" class=\"alignleft wp-image-2013 size-full\" src=\"http:\/\/astroaspach.fr\/astroaspachV2\/wp-content\/uploads\/2020\/06\/File29052020composite.jpg\" alt=\"\" width=\"800\" height=\"533\" srcset=\"http:\/\/astroaspach.fr\/astroaspachV2\/wp-content\/uploads\/2020\/06\/File29052020composite.jpg 800w, http:\/\/astroaspach.fr\/astroaspachV2\/wp-content\/uploads\/2020\/06\/File29052020composite-300x200.jpg 300w, http:\/\/astroaspach.fr\/astroaspachV2\/wp-content\/uploads\/2020\/06\/File29052020composite-768x512.jpg 768w\" sizes=\"auto, (max-width: 800px) 100vw, 800px\" \/><\/a><\/p>\n<p>Qu&rsquo;est ce qu&rsquo;un fil\u00e9 ?<\/p>\n<p>Un fil\u00e9 d&rsquo;\u00e9toiles est une photographie longue pose du ciel \u00e9toil\u00e9 mettant en \u00e9vidence sa rotation apparente. L&rsquo;image r\u00e9sultante montre ainsi chaque \u00e9toile sous forme de stries. Leur taille est fonction du temps d&rsquo;exposition du fil\u00e9.<br \/>\nCe mouvement apparent des \u00e9toiles tournant autour de l&rsquo;\u00e9toile polaire n&rsquo;est pas d\u00fb \u00e0 leur d\u00e9placement dans le ciel, c&rsquo;est bien le mouvement de rotation de la terre sur elle-m\u00eame qui est mis en \u00e9vidence.<br \/>\nPour photographier un fil\u00e9 d&rsquo;\u00e9toiles, il faut placer l&rsquo;appareil photo sur un tr\u00e9pied, pointer l&rsquo;objectif dans la direction de l&rsquo;\u00e9toile dite polaire, et r\u00e9gler l&rsquo;appareil afin que l&rsquo;obturateur puisse demeurer ouvert pendant un long temps de pose. Le temps d&rsquo;exposition varie en fonction de la longueur des stries d\u00e9sir\u00e9e. Ce que font souvent les astronomes, c&rsquo;est de prendre de nombreux clich\u00e9s successifs, dont le temps de pose de chacun est d&rsquo;environ 30 secondes. Par un jeu de logiciels informatiques, l&rsquo;ensemble de ces prises de vue est superpos\u00e9 en une seule image montrant le \u00ab\u00a0fil\u00e9\u00a0\u00bb.<\/p>\n","protected":false},"excerpt":{"rendered":"<p><a href=\"http:\/\/astroaspach.fr\/astroaspachV2\/wp-content\/uploads\/2020\/06\/File20200529.jpg\"><img loading=\"lazy\" decoding=\"async\" class=\"alignleft wp-image-2006\" src=\"http:\/\/astroaspach.fr\/astroaspachV2\/wp-content\/uploads\/2020\/06\/File20200529-300x247.jpg\" alt=\"\" width=\"100\" height=\"82\" srcset=\"http:\/\/astroaspach.fr\/astroaspachV2\/wp-content\/uploads\/2020\/06\/File20200529-300x247.jpg 300w, http:\/\/astroaspach.fr\/astroaspachV2\/wp-content\/uploads\/2020\/06\/File20200529.jpg 728w\" sizes=\"auto, (max-width: 100px) 100vw, 100px\" \/><\/a><br \/>\nLes fil\u00e9s d&rsquo;\u00e9toiles mettent en \u00e9vidence le mouvement de rotation de la terre sur elle-m\u00eame. Ces deux images ont \u00e9t\u00e9 prises ce printemps 2020.<br \/>\n&nbsp;<br \/>\n&nbsp;<\/p>\n","protected":false},"author":1,"featured_media":0,"comment_status":"closed","ping_status":"open","sticky":false,"template":"","format":"standard","meta":{"footnotes":""},"categories":[2],"tags":[],"class_list":["post-2007","post","type-post","status-publish","format-standard","hentry","category-nos-images"],"_links":{"self":[{"href":"http:\/\/astroaspach.fr\/astroaspachV2\/wp-json\/wp\/v2\/posts\/2007","targetHints":{"allow":["GET"]}}],"collection":[{"href":"http:\/\/astroaspach.fr\/astroaspachV2\/wp-json\/wp\/v2\/posts"}],"about":[{"href":"http:\/\/astroaspach.fr\/astroaspachV2\/wp-json\/wp\/v2\/types\/post"}],"author":[{"embeddable":true,"href":"http:\/\/astroaspach.fr\/astroaspachV2\/wp-json\/wp\/v2\/users\/1"}],"replies":[{"embeddable":true,"href":"http:\/\/astroaspach.fr\/astroaspachV2\/wp-json\/wp\/v2\/comments?post=2007"}],"version-history":[{"count":9,"href":"http:\/\/astroaspach.fr\/astroaspachV2\/wp-json\/wp\/v2\/posts\/2007\/revisions"}],"predecessor-version":[{"id":2017,"href":"http:\/\/astroaspach.fr\/astroaspachV2\/wp-json\/wp\/v2\/posts\/2007\/revisions\/2017"}],"wp:attachment":[{"href":"http:\/\/astroaspach.fr\/astroaspachV2\/wp-json\/wp\/v2\/media?parent=2007"}],"wp:term":[{"taxonomy":"category","embeddable":true,"href":"http:\/\/astroaspach.fr\/astroaspachV2\/wp-json\/wp\/v2\/categories?post=2007"},{"taxonomy":"post_tag","embeddable":true,"href":"http:\/\/astroaspach.fr\/astroaspachV2\/wp-json\/wp\/v2\/tags?post=2007"}],"curies":[{"name":"wp","href":"https:\/\/api.w.org\/{rel}","templated":true}]}}